{"id":9976,"date":"2026-09-02T13:55:14","date_gmt":"2026-09-02T11:55:14","guid":{"rendered":"https:\/\/centralepaysanne.lu\/WordPress3\/?p=9976"},"modified":"2026-09-02T13:55:14","modified_gmt":"2026-09-02T11:55:14","slug":"duerre-2026-landwirtschaftsministerium-reagiert-mit-erleichterungen-fuer-landwirte","status":"publish","type":"post","link":"https:\/\/centralepaysanne.lu\/WordPress3\/?p=9976","title":{"rendered":"D\u00fcrre 2026: Landwirtschaftsministerium reagiert mit Erleichterungen f\u00fcr Landwirte"},"content":{"rendered":"\n<p class=\"wp-block-paragraph\"><strong>Entlastungen bei Konditionalit\u00e4t und bestimmten Beihilfen<\/strong><\/p>\n\n\n\n<p class=\"wp-block-paragraph\">Die anhaltende D\u00fcrre stellt die Luxemburger Landwirtschaft vor erhebliche Herausforderungen. Neben der Verknappung von Futtermitteln erschwert die Trockenheit auch die Aussaat von Winterkulturen und Zwischenfr\u00fcchten. Die landesweit vorherrschende D\u00fcrre wird als au\u00dfergew\u00f6hnliche Wetterbedingung und als Fall h\u00f6herer Gewalt eingestuft.<\/p>\n\n\n\n<p class=\"wp-block-paragraph\">Angesichts der schwierigen Situation hat sich die Landwirtschaftsministerin Martine Hansen mit den Vertretern der Landwirtschaftskammer getroffen, und reagiert mit gezielten Erleichterungen bei den Vorgaben der Konditionalit\u00e4t und der Beihilferegelungen f\u00fcr das Jahr 2026.<\/p>\n\n\n\n<p class=\"wp-block-paragraph\"><strong>Die wichtigsten Ma\u00dfnahmen auf einen Blick:<\/strong><\/p>\n\n\n\n<ul class=\"wp-block-list\">\n<li><strong>D\u00fcrre als Fall h\u00f6herer Gewalt<\/strong><\/li>\n<\/ul>\n\n\n\n<p class=\"wp-block-paragraph\">Landwirte, die aufgrund der Trockenheit ihre Verpflichtungen nachweislich nicht einhalten k\u00f6nnen, sind von Sanktionen befreit. Voraussetzung ist, dass sie sich um die Einhaltung der Vorgaben bem\u00fcht haben und die D\u00fcrre die Umsetzung verhindert hat.<\/p>\n\n\n\n<ul class=\"wp-block-list\">\n<li><strong>Mehr Flexibilit\u00e4t bei Gr\u00fcnland und Weidehaltung GL\u00d6Z 1 \u2013 Gr\u00fcnlanderneuerung<\/strong>: die Begrenzung der j\u00e4hrlich erneuerbaren Fl\u00e4che f\u00fcr 2026 wird ausgesetzt. Auf den zus\u00e4tzlich erneuerten Fl\u00e4chen muss jedoch unmittelbar Gr\u00fcnland einges\u00e4t werden; der vorherige Anbau einer einj\u00e4hrigen Ackerkultur ist nicht zul\u00e4ssig.<ul><li><strong>Pufferstreifen, Erosionsschutz und Bodenbedeckung (GL\u00d6Z 4 bis 6)<\/strong>: Der Aufwuchs auf entsprechenden Streifen sowie Zwischenfr\u00fcchte k\u00f6nnen zu Futterzwecken genutzt werden, sofern die Pflanzendecke dabei nicht zerst\u00f6rt wird.<\/li><\/ul><ul><li><strong>Beihilfe 517 \u2013 R\u00fcckzugszonen auf M\u00e4hweiden:<\/strong> der nicht gem\u00e4hte Teil der Parzelle kann unmittelbar genutzt werden. Die Frist bis zum 31. Oktober entf\u00e4llt.<\/li><\/ul><ul><li><strong>Beihilfe 546 \u2013 Weidegang von Rindern<\/strong>: die erforderliche Beweidungsdauer wird von drei auf zwei Monate reduziert und die Verpflichtung einer f\u00fcnfmonatigen Weidedauer f\u00fcr Rinder entf\u00e4llt. Damit erhalten die Betriebe mehr Spielraum beim Herdenmanagement und bei der Zuf\u00fctterung im Stall.<\/li><\/ul><ul><li><strong>Beihilfe 551 \u2013 Umwandlung von Ackerland in Dauergr\u00fcnland<\/strong>: im Fr\u00fchjahr 2027 darf neu ausges\u00e4t, bezw. nachges\u00e4t werden, wenn die Gr\u00fcnlandaussaat im Herbst aufgrund der Trockenheit nicht oder nur teilweise aufgegangen ist.<\/li><\/ul>\n<ul class=\"wp-block-list\">\n<li>\u00a0<\/li>\n<\/ul>\n<\/li>\n<\/ul>\n\n\n\n<ul class=\"wp-block-list\">\n<li><strong>Erleichterungen f\u00fcr die Biolandwirtschaft:<\/strong> Bei Futtermittelknappheit kann unter bestimmten Voraussetzungen die Verwendung von konventionellem Futter genehmigt werden. Auch eine vor\u00fcbergehende Stallhaltung zum Schutz der Grasnarbe ist m\u00f6glich. Hierf\u00fcr ist ein Antrag bei der Abteilung Bio-Zertifizierung der ASTA erforderlich.<\/li>\n<\/ul>\n\n\n\n<p class=\"wp-block-paragraph\">Martine Hansen: \u201eMit diesen Ma\u00dfnahmen reagiert das Landwirtschaftsministerium auf die au\u00dfergew\u00f6hnliche D\u00fcrresituation und schafft den betroffenen Betrieben zus\u00e4tzlichen Handlungsspielraum, um die Auswirkungen der Trockenheit auf die landwirtschaftliche Produktion abzufedern.<\/p>\n\n\n\n<p class=\"wp-block-paragraph\"><strong>Mehr Infos auf www.landwirtschaft.lu<\/strong><\/p>\n\n\n\n<p class=\"wp-block-paragraph\"><em>(Mitgeteilt vom Landwirtschaftsministerium; 2.9.2026)<\/em><\/p>\n\n\n\n<figure class=\"wp-block-image size-large\"><img loading=\"lazy\" decoding=\"async\" width=\"1024\" height=\"768\" src=\"https:\/\/centralepaysanne.lu\/WordPress3\/wp-content\/uploads\/2026\/09\/Weidekuehe-Stockem-Handyfoto-Helmut-Lui-1024x768.jpg\" alt=\"\" class=\"wp-image-9978\" srcset=\"https:\/\/centralepaysanne.lu\/WordPress3\/wp-content\/uploads\/2026\/09\/Weidekuehe-Stockem-Handyfoto-Helmut-Lui-1024x768.jpg 1024w, https:\/\/centralepaysanne.lu\/WordPress3\/wp-content\/uploads\/2026\/09\/Weidekuehe-Stockem-Handyfoto-Helmut-Lui-300x225.jpg 300w, https:\/\/centralepaysanne.lu\/WordPress3\/wp-content\/uploads\/2026\/09\/Weidekuehe-Stockem-Handyfoto-Helmut-Lui-768x576.jpg 768w, https:\/\/centralepaysanne.lu\/WordPress3\/wp-content\/uploads\/2026\/09\/Weidekuehe-Stockem-Handyfoto-Helmut-Lui-1536x1152.jpg 1536w, https:\/\/centralepaysanne.lu\/WordPress3\/wp-content\/uploads\/2026\/09\/Weidekuehe-Stockem-Handyfoto-Helmut-Lui-2048x1536.jpg 2048w, https:\/\/centralepaysanne.lu\/WordPress3\/wp-content\/uploads\/2026\/09\/Weidekuehe-Stockem-Handyfoto-Helmut-Lui-360x270.jpg 360w, https:\/\/centralepaysanne.lu\/WordPress3\/wp-content\/uploads\/2026\/09\/Weidekuehe-Stockem-Handyfoto-Helmut-Lui-80x60.jpg 80w, https:\/\/centralepaysanne.lu\/WordPress3\/wp-content\/uploads\/2026\/09\/Weidekuehe-Stockem-Handyfoto-Helmut-Lui-640x480.jpg 640w\" sizes=\"auto, (max-width: 1024px) 100vw, 1024px\" \/><\/figure>\n\n\n\n<p class=\"wp-block-paragraph\">Foto: Helmut Lui\/Archiv<\/p>\n","protected":false},"excerpt":{"rendered":"<p>Entlastungen bei Konditionalit\u00e4t und bestimmten Beihilfen Die anhaltende D\u00fcrre stellt die Luxemburger Landwirtschaft vor erhebliche Herausforderungen. Neben der Verknappung von Futtermitteln erschwert die Trockenheit auch die Aussaat von Winterkulturen und Zwischenfr\u00fcchten. Die landesweit vorherrschende D\u00fcrre wird als au\u00dfergew\u00f6hnliche Wetterbedingung und als Fall h\u00f6herer Gewalt eingestuft. Angesichts der schwierigen Situation hat sich die Landwirtschaftsministerin Martine Hansen mit den Vertretern der Landwirtschaftskammer getroffen, und reagiert mit gezielten Erleichterungen bei den Vorgaben der Konditionalit\u00e4t und der Beihilferegelungen f\u00fcr das Jahr 2026. Die wichtigsten Ma\u00dfnahmen auf einen Blick: Landwirte, [&hellip;]<\/p>\n","protected":false},"author":12,"featured_media":0,"comment_status":"closed","ping_status":"open","sticky":false,"template":"","format":"standard","meta":{"ngg_post_thumbnail":0,"_jetpack_newsletter_access":"","_jetpack_dont_email_post_to_subs":false,"_jetpack_newsletter_tier_id":0,"_jetpack_memberships_contains_paywalled_content":false,"_jetpack_feature_clip_id":0,"_jetpack_memberships_contains_paid_content":false,"footnotes":"","jetpack_post_was_ever_published":false},"categories":[3],"tags":[],"class_list":["post-9976","post","type-post","status-publish","format-standard","hentry","category-centrale-paysanne"],"jetpack_sharing_enabled":true,"jetpack_shortlink":"https:\/\/wp.me\/p2ls4K-2AU","jetpack_likes_enabled":false,"publishpress_future_action":{"enabled":true,"date":"2026-09-09 11:52:35","action":"category-add","newStatus":"draft","terms":[],"taxonomy":"category","extraData":[]},"publishpress_future_workflow_manual_trigger":{"enabledWorkflows":[]},"jetpack_featured_media_url":"","_links":{"self":[{"href":"https:\/\/centralepaysanne.lu\/WordPress3\/index.php?rest_route=\/wp\/v2\/posts\/9976","targetHints":{"allow":["GET"]}}],"collection":[{"href":"https:\/\/centralepaysanne.lu\/WordPress3\/index.php?rest_route=\/wp\/v2\/posts"}],"about":[{"href":"https:\/\/centralepaysanne.lu\/WordPress3\/index.php?rest_route=\/wp\/v2\/types\/post"}],"author":[{"embeddable":true,"href":"https:\/\/centralepaysanne.lu\/WordPress3\/index.php?rest_route=\/wp\/v2\/users\/12"}],"replies":[{"embeddable":true,"href":"https:\/\/centralepaysanne.lu\/WordPress3\/index.php?rest_route=%2Fwp%2Fv2%2Fcomments&post=9976"}],"version-history":[{"count":1,"href":"https:\/\/centralepaysanne.lu\/WordPress3\/index.php?rest_route=\/wp\/v2\/posts\/9976\/revisions"}],"predecessor-version":[{"id":9979,"href":"https:\/\/centralepaysanne.lu\/WordPress3\/index.php?rest_route=\/wp\/v2\/posts\/9976\/revisions\/9979"}],"wp:attachment":[{"href":"https:\/\/centralepaysanne.lu\/WordPress3\/index.php?rest_route=%2Fwp%2Fv2%2Fmedia&parent=9976"}],"wp:term":[{"taxonomy":"category","embeddable":true,"href":"https:\/\/centralepaysanne.lu\/WordPress3\/index.php?rest_route=%2Fwp%2Fv2%2Fcategories&post=9976"},{"taxonomy":"post_tag","embeddable":true,"href":"https:\/\/centralepaysanne.lu\/WordPress3\/index.php?rest_route=%2Fwp%2Fv2%2Ftags&post=9976"}],"curies":[{"name":"wp","href":"https:\/\/api.w.org\/{rel}","templated":true}]}}