{"id":9785,"date":"2026-03-17T15:51:51","date_gmt":"2026-03-17T14:51:51","guid":{"rendered":"https:\/\/centralepaysanne.lu\/WordPress3\/?p=9785"},"modified":"2026-03-18T10:10:49","modified_gmt":"2026-03-18T09:10:49","slug":"christian-wester-bleift-praesident-vun-der-bauerenzentral","status":"publish","type":"post","link":"https:\/\/centralepaysanne.lu\/WordPress3\/?p=9785","title":{"rendered":"CHRISTIAN WESTER BLEIFT PR\u00c4SIDENT VUN DER BAUERENZENTRAL"},"content":{"rendered":"\n<p>Um D\u00ebnschdegmoien hat sech de Regionalausschuss vun der Bauerenzentral zu Miersch afonnt, fir de Comit\u00e9 fir d&#8217;Z\u00e4itspan 2026-2030 ze wielen. De Christian Wester ass dob\u00e4i fir 5 weider Joren un der Sp\u00ebtzt vun der Bauerenzentral confirm\u00e9iert ginn.<\/p>\n\n\n\n<p>D&#8217;Zesummesetzung vum Comit\u00e9: Christian Wester, Pr\u00e4sident; Eric Pesch, 1. Vizepr\u00e4sident; Andy Brisbois, 2. Vizepr\u00e4sident; Jo\u00e9 Biver, Marc Fisch, Marc Kohll, Antoinette Reiff-Lafleur, Memberen; Fran\u00e7ois Hansen, Vertrieder vum Service Jeunesse. D&#8217;Positioun vum Vertrieder vum SAF ass aktuell nach vakant.<\/p>\n\n\n\n<p>#MirLieweLandwirtschaft<\/p>\n\n\n\n<figure class=\"wp-block-image size-large\"><img loading=\"lazy\" decoding=\"async\" width=\"1024\" height=\"806\" src=\"https:\/\/centralepaysanne.lu\/WordPress3\/wp-content\/uploads\/2026\/03\/Comite-2026-2030-new-1024x806.jpg\" alt=\"\" class=\"wp-image-9787\" srcset=\"https:\/\/centralepaysanne.lu\/WordPress3\/wp-content\/uploads\/2026\/03\/Comite-2026-2030-new-1024x806.jpg 1024w, https:\/\/centralepaysanne.lu\/WordPress3\/wp-content\/uploads\/2026\/03\/Comite-2026-2030-new-300x236.jpg 300w, https:\/\/centralepaysanne.lu\/WordPress3\/wp-content\/uploads\/2026\/03\/Comite-2026-2030-new-768x604.jpg 768w, https:\/\/centralepaysanne.lu\/WordPress3\/wp-content\/uploads\/2026\/03\/Comite-2026-2030-new-1536x1209.jpg 1536w, https:\/\/centralepaysanne.lu\/WordPress3\/wp-content\/uploads\/2026\/03\/Comite-2026-2030-new-610x480.jpg 610w, https:\/\/centralepaysanne.lu\/WordPress3\/wp-content\/uploads\/2026\/03\/Comite-2026-2030-new.jpg 2032w\" sizes=\"auto, (max-width: 1024px) 100vw, 1024px\" \/><\/figure>\n\n\n\n<p>V.l.n.r.: Antoinette Reiff-Lafleur, Eric Pesch, Marc Kohll, Christian Wester, Fran\u00e7ois Hansen, Andy Brisbois, Jo\u00e9 Biver. Et feelt de Marc Fisch.<\/p>\n","protected":false},"excerpt":{"rendered":"<p>Um D\u00ebnschdegmoien hat sech de Regionalausschuss vun der Bauerenzentral zu Miersch afonnt, fir de Comit\u00e9 fir d&#8217;Z\u00e4itspan 2026-2030 ze wielen. De Christian Wester ass dob\u00e4i fir 5 weider Joren un der Sp\u00ebtzt vun der Bauerenzentral confirm\u00e9iert ginn. D&#8217;Zesummesetzung vum Comit\u00e9: Christian Wester, Pr\u00e4sident; Eric Pesch, 1. Vizepr\u00e4sident; Andy Brisbois, 2. Vizepr\u00e4sident; Jo\u00e9 Biver, Marc Fisch, Marc Kohll, Antoinette Reiff-Lafleur, Memberen; Fran\u00e7ois Hansen, Vertrieder vum Service Jeunesse. D&#8217;Positioun vum Vertrieder vum SAF ass aktuell nach vakant. #MirLieweLandwirtschaft V.l.n.r.: Antoinette Reiff-Lafleur, Eric Pesch, Marc Kohll, Christian Wester, [&hellip;]<\/p>\n","protected":false},"author":12,"featured_media":0,"comment_status":"closed","ping_status":"open","sticky":false,"template":"","format":"standard","meta":{"ngg_post_thumbnail":0,"_jetpack_memberships_contains_paid_content":false,"footnotes":""},"categories":[3],"tags":[],"class_list":["post-9785","post","type-post","status-publish","format-standard","hentry","category-centrale-paysanne"],"jetpack_featured_media_url":"","jetpack_sharing_enabled":true,"jetpack_shortlink":"https:\/\/wp.me\/p2ls4K-2xP","jetpack_likes_enabled":false,"publishpress_future_action":{"enabled":false,"date":"2026-05-08 22:33:55","action":"category-add","newStatus":"draft","terms":[],"taxonomy":"category","extraData":[]},"publishpress_future_workflow_manual_trigger":{"enabledWorkflows":[]},"_links":{"self":[{"href":"https:\/\/centralepaysanne.lu\/WordPress3\/index.php?rest_route=\/wp\/v2\/posts\/9785","targetHints":{"allow":["GET"]}}],"collection":[{"href":"https:\/\/centralepaysanne.lu\/WordPress3\/index.php?rest_route=\/wp\/v2\/posts"}],"about":[{"href":"https:\/\/centralepaysanne.lu\/WordPress3\/index.php?rest_route=\/wp\/v2\/types\/post"}],"author":[{"embeddable":true,"href":"https:\/\/centralepaysanne.lu\/WordPress3\/index.php?rest_route=\/wp\/v2\/users\/12"}],"replies":[{"embeddable":true,"href":"https:\/\/centralepaysanne.lu\/WordPress3\/index.php?rest_route=%2Fwp%2Fv2%2Fcomments&post=9785"}],"version-history":[{"count":2,"href":"https:\/\/centralepaysanne.lu\/WordPress3\/index.php?rest_route=\/wp\/v2\/posts\/9785\/revisions"}],"predecessor-version":[{"id":9789,"href":"https:\/\/centralepaysanne.lu\/WordPress3\/index.php?rest_route=\/wp\/v2\/posts\/9785\/revisions\/9789"}],"wp:attachment":[{"href":"https:\/\/centralepaysanne.lu\/WordPress3\/index.php?rest_route=%2Fwp%2Fv2%2Fmedia&parent=9785"}],"wp:term":[{"taxonomy":"category","embeddable":true,"href":"https:\/\/centralepaysanne.lu\/WordPress3\/index.php?rest_route=%2Fwp%2Fv2%2Fcategories&post=9785"},{"taxonomy":"post_tag","embeddable":true,"href":"https:\/\/centralepaysanne.lu\/WordPress3\/index.php?rest_route=%2Fwp%2Fv2%2Ftags&post=9785"}],"curies":[{"name":"wp","href":"https:\/\/api.w.org\/{rel}","templated":true}]}}