{"id":9649,"date":"2026-01-08T14:36:58","date_gmt":"2026-01-08T13:36:58","guid":{"rendered":"https:\/\/centralepaysanne.lu\/WordPress3\/?p=9649"},"modified":"2026-01-08T14:37:46","modified_gmt":"2026-01-08T13:37:46","slug":"pressemitteilung-von-enttaeuschung-zur-wut","status":"publish","type":"post","link":"https:\/\/centralepaysanne.lu\/WordPress3\/?p=9649","title":{"rendered":"PRESSEMITTEILUNG: VON ENTT\u00c4USCHUNG ZUR WUT"},"content":{"rendered":"\n<p>Die bei der gestrigen Sitzung der EU-Landwirtschaftsminister in Br\u00fcssel pr\u00e4sentierten Erleichterungen f\u00fcr die europ\u00e4ische Landwirtschaft sind aus Sicht der Centrale Paysanne nicht mehr als ein Feigenblatt. Sie zeigen zwar, dass der massive Protest der Landwirte Mitte Dezember in Br\u00fcssel mit Teilnehmern aus allen 27 EU-Mitgliedstaaten nicht wirkungslos geblieben ist. Doch was die EU-Kommission pr\u00e4sentiert hat, bleibt weit hinter den Erwartungen zur\u00fcck.<\/p>\n\n\n\n<p>Die \u00e4lteste und gr\u00f6\u00dfte Berufsvertretung der Bauern, Winzer und G\u00e4rtner in Luxemburg sieht darin nicht mehr als einen halbherzigen Versuch, den Agrarsektor mit symbolischen Zugest\u00e4ndnissen ruhigzustellen. Anstatt die strukturellen Probleme anzupacken, verteilt die Kommission Brosamen.<\/p>\n\n\n\n<p>Eine substanzielle Aufstockung der Agrarmittel im kommenden EU-Budget fehlt weiterhin vollst\u00e4ndig. Dabei war dies eine der Kernforderungen der Landwirtinnen und Landwirte. Gleichzeitig h\u00e4lt die Kommission unbeirrt am Mercosur-Abkommen fest und ignoriert die Vorbehalte der europ\u00e4ischen Landwirtschaft. Noch immer ist unklar, wie die Qualit\u00e4t, R\u00fcckverfolgbarkeit und Kontrolle von Lebensmitteln aus S\u00fcdamerika konkret sichergestellt werden sollen. Dass selbst hohe EU-Beamte darauf keine konkreten Antworten geben k\u00f6nnen, spricht f\u00fcr sich.<\/p>\n\n\n\n<p>Vor diesem Hintergrund wirken die Beteuerungen von Kommissionspr\u00e4sidentin Ursula von der Leyen \u00fcber die Wichtigkeit des Lebensmittelsektors in Europa zunehmend wie ein Affront gegen\u00fcber jenen, die t\u00e4glich f\u00fcr die Versorgung der Bev\u00f6lkerung sorgen.<\/p>\n\n\n\n<p>Entt\u00e4uschend war auch das Auftreten der Luxemburger Regierung in Br\u00fcssel. W\u00e4hrend andere Mitgliedstaaten ihre Landwirtschaft entschlossen verteidigen, blieb Luxemburg auffallend zur\u00fcckhaltend. So sieht weder Solidarit\u00e4t noch Wertsch\u00e4tzung f\u00fcr die nationale Landwirtschaft aus.<\/p>\n\n\n\n<p>#MirLieweLandwirtschaft<\/p>\n\n\n\n<figure class=\"wp-block-image size-large\"><img loading=\"lazy\" decoding=\"async\" width=\"1024\" height=\"683\" src=\"https:\/\/centralepaysanne.lu\/WordPress3\/wp-content\/uploads\/2026\/01\/AdobeStock_259149771-1024x683.jpeg\" alt=\"\" class=\"wp-image-9650\" srcset=\"https:\/\/centralepaysanne.lu\/WordPress3\/wp-content\/uploads\/2026\/01\/AdobeStock_259149771-1024x683.jpeg 1024w, https:\/\/centralepaysanne.lu\/WordPress3\/wp-content\/uploads\/2026\/01\/AdobeStock_259149771-300x200.jpeg 300w, https:\/\/centralepaysanne.lu\/WordPress3\/wp-content\/uploads\/2026\/01\/AdobeStock_259149771-768x512.jpeg 768w, https:\/\/centralepaysanne.lu\/WordPress3\/wp-content\/uploads\/2026\/01\/AdobeStock_259149771-1536x1024.jpeg 1536w, https:\/\/centralepaysanne.lu\/WordPress3\/wp-content\/uploads\/2026\/01\/AdobeStock_259149771-2048x1365.jpeg 2048w, https:\/\/centralepaysanne.lu\/WordPress3\/wp-content\/uploads\/2026\/01\/AdobeStock_259149771-640x427.jpeg 640w\" sizes=\"auto, (max-width: 1024px) 100vw, 1024px\" \/><figcaption class=\"wp-element-caption\">Foto: Adobe<\/figcaption><\/figure>\n\n\n\n<p><\/p>\n","protected":false},"excerpt":{"rendered":"<p>Die bei der gestrigen Sitzung der EU-Landwirtschaftsminister in Br\u00fcssel pr\u00e4sentierten Erleichterungen f\u00fcr die europ\u00e4ische Landwirtschaft sind aus Sicht der Centrale Paysanne nicht mehr als ein Feigenblatt. Sie zeigen zwar, dass der massive Protest der Landwirte Mitte Dezember in Br\u00fcssel mit Teilnehmern aus allen 27 EU-Mitgliedstaaten nicht wirkungslos geblieben ist. Doch was die EU-Kommission pr\u00e4sentiert hat, bleibt weit hinter den Erwartungen zur\u00fcck. Die \u00e4lteste und gr\u00f6\u00dfte Berufsvertretung der Bauern, Winzer und G\u00e4rtner in Luxemburg sieht darin nicht mehr als einen halbherzigen Versuch, den Agrarsektor mit symbolischen [&hellip;]<\/p>\n","protected":false},"author":12,"featured_media":9650,"comment_status":"closed","ping_status":"open","sticky":false,"template":"","format":"standard","meta":{"ngg_post_thumbnail":0,"_jetpack_memberships_contains_paid_content":false,"footnotes":""},"categories":[3],"tags":[],"class_list":["post-9649","post","type-post","status-publish","format-standard","has-post-thumbnail","hentry","category-centrale-paysanne"],"jetpack_featured_media_url":"https:\/\/centralepaysanne.lu\/WordPress3\/wp-content\/uploads\/2026\/01\/AdobeStock_259149771-scaled.jpeg","jetpack_sharing_enabled":true,"jetpack_shortlink":"https:\/\/wp.me\/p2ls4K-2vD","jetpack_likes_enabled":false,"publishpress_future_action":{"enabled":false,"date":"2026-05-09 03:00:38","action":"category-add","newStatus":"draft","terms":[],"taxonomy":"category","extraData":[]},"publishpress_future_workflow_manual_trigger":{"enabledWorkflows":[]},"_links":{"self":[{"href":"https:\/\/centralepaysanne.lu\/WordPress3\/index.php?rest_route=\/wp\/v2\/posts\/9649","targetHints":{"allow":["GET"]}}],"collection":[{"href":"https:\/\/centralepaysanne.lu\/WordPress3\/index.php?rest_route=\/wp\/v2\/posts"}],"about":[{"href":"https:\/\/centralepaysanne.lu\/WordPress3\/index.php?rest_route=\/wp\/v2\/types\/post"}],"author":[{"embeddable":true,"href":"https:\/\/centralepaysanne.lu\/WordPress3\/index.php?rest_route=\/wp\/v2\/users\/12"}],"replies":[{"embeddable":true,"href":"https:\/\/centralepaysanne.lu\/WordPress3\/index.php?rest_route=%2Fwp%2Fv2%2Fcomments&post=9649"}],"version-history":[{"count":2,"href":"https:\/\/centralepaysanne.lu\/WordPress3\/index.php?rest_route=\/wp\/v2\/posts\/9649\/revisions"}],"predecessor-version":[{"id":9652,"href":"https:\/\/centralepaysanne.lu\/WordPress3\/index.php?rest_route=\/wp\/v2\/posts\/9649\/revisions\/9652"}],"wp:featuredmedia":[{"embeddable":true,"href":"https:\/\/centralepaysanne.lu\/WordPress3\/index.php?rest_route=\/wp\/v2\/media\/9650"}],"wp:attachment":[{"href":"https:\/\/centralepaysanne.lu\/WordPress3\/index.php?rest_route=%2Fwp%2Fv2%2Fmedia&parent=9649"}],"wp:term":[{"taxonomy":"category","embeddable":true,"href":"https:\/\/centralepaysanne.lu\/WordPress3\/index.php?rest_route=%2Fwp%2Fv2%2Fcategories&post=9649"},{"taxonomy":"post_tag","embeddable":true,"href":"https:\/\/centralepaysanne.lu\/WordPress3\/index.php?rest_route=%2Fwp%2Fv2%2Ftags&post=9649"}],"curies":[{"name":"wp","href":"https:\/\/api.w.org\/{rel}","templated":true}]}}