{"id":9637,"date":"2026-01-07T17:28:27","date_gmt":"2026-01-07T16:28:27","guid":{"rendered":"https:\/\/centralepaysanne.lu\/WordPress3\/?p=9637"},"modified":"2026-01-07T17:28:27","modified_gmt":"2026-01-07T16:28:27","slug":"neijoerschpatt-2026","status":"publish","type":"post","link":"https:\/\/centralepaysanne.lu\/WordPress3\/?p=9637","title":{"rendered":"\u201eNeijoerschpatt\u201c 2026"},"content":{"rendered":"\n<p>Auf Einladung der \u201eBauerenzentral\u201c zum gemeinsamen \u201eNeijoerschpatt\u201c richtete Direktor Laurent Sch\u00fcssler einige pers\u00f6nliche Worte an die G\u00e4ste und die Belegschaft. In seiner kurzen Ansprache dankte er f\u00fcr den Einsatz im vergangenen Jahr und sprach seine besten W\u00fcnsche f\u00fcr ein erfolgreiches neues Jahr aus. Dabei legte er den Fokus auf eine weiterhin konstruktive und gute Zusammenarbeit sowie die wichtige Bedeutung jedes einzelnen Mitarbeiters. Bei einem kleinen Umtrunk und mit einigen H\u00e4ppchen wurde anschlie\u00dfend in angenehmer Gesellschaft angesto\u00dfen und das neue Jahr gemeinsam so eingel\u00e4utet. (Fotos: \u00a9 Centrale Paysanne)<\/p>\n\n\n\n<figure class=\"wp-block-image size-full\"><img loading=\"lazy\" decoding=\"async\" width=\"940\" height=\"788\" src=\"https:\/\/centralepaysanne.lu\/WordPress3\/wp-content\/uploads\/2026\/01\/Web-Neijoerschpatt-2026.jpg\" alt=\"Neijoerschpatt Centrale Paysanne \" class=\"wp-image-9638\" srcset=\"https:\/\/centralepaysanne.lu\/WordPress3\/wp-content\/uploads\/2026\/01\/Web-Neijoerschpatt-2026.jpg 940w, https:\/\/centralepaysanne.lu\/WordPress3\/wp-content\/uploads\/2026\/01\/Web-Neijoerschpatt-2026-300x251.jpg 300w, https:\/\/centralepaysanne.lu\/WordPress3\/wp-content\/uploads\/2026\/01\/Web-Neijoerschpatt-2026-768x644.jpg 768w, https:\/\/centralepaysanne.lu\/WordPress3\/wp-content\/uploads\/2026\/01\/Web-Neijoerschpatt-2026-573x480.jpg 573w\" sizes=\"auto, (max-width: 940px) 100vw, 940px\" \/><\/figure>\n","protected":false},"excerpt":{"rendered":"<p>Auf Einladung der \u201eBauerenzentral\u201c zum gemeinsamen \u201eNeijoerschpatt\u201c richtete Direktor Laurent Sch\u00fcssler einige pers\u00f6nliche Worte an die G\u00e4ste und die Belegschaft. In seiner kurzen Ansprache dankte er f\u00fcr den Einsatz im vergangenen Jahr und sprach seine besten W\u00fcnsche f\u00fcr ein erfolgreiches neues Jahr aus. Dabei legte er den Fokus auf eine weiterhin konstruktive und gute Zusammenarbeit sowie die wichtige Bedeutung jedes einzelnen Mitarbeiters. Bei einem kleinen Umtrunk und mit einigen H\u00e4ppchen wurde anschlie\u00dfend in angenehmer Gesellschaft angesto\u00dfen und das neue Jahr gemeinsam so eingel\u00e4utet. (Fotos: \u00a9 [&hellip;]<\/p>\n","protected":false},"author":12,"featured_media":9638,"comment_status":"closed","ping_status":"open","sticky":false,"template":"","format":"standard","meta":{"ngg_post_thumbnail":0,"_jetpack_memberships_contains_paid_content":false,"footnotes":""},"categories":[3],"tags":[],"class_list":["post-9637","post","type-post","status-publish","format-standard","has-post-thumbnail","hentry","category-centrale-paysanne"],"jetpack_featured_media_url":"https:\/\/centralepaysanne.lu\/WordPress3\/wp-content\/uploads\/2026\/01\/Web-Neijoerschpatt-2026.jpg","jetpack_sharing_enabled":true,"jetpack_shortlink":"https:\/\/wp.me\/p2ls4K-2vr","jetpack_likes_enabled":false,"publishpress_future_action":{"enabled":false,"date":"2026-05-08 02:06:08","action":"category-add","newStatus":"draft","terms":[],"taxonomy":"category","extraData":[]},"publishpress_future_workflow_manual_trigger":{"enabledWorkflows":[]},"_links":{"self":[{"href":"https:\/\/centralepaysanne.lu\/WordPress3\/index.php?rest_route=\/wp\/v2\/posts\/9637","targetHints":{"allow":["GET"]}}],"collection":[{"href":"https:\/\/centralepaysanne.lu\/WordPress3\/index.php?rest_route=\/wp\/v2\/posts"}],"about":[{"href":"https:\/\/centralepaysanne.lu\/WordPress3\/index.php?rest_route=\/wp\/v2\/types\/post"}],"author":[{"embeddable":true,"href":"https:\/\/centralepaysanne.lu\/WordPress3\/index.php?rest_route=\/wp\/v2\/users\/12"}],"replies":[{"embeddable":true,"href":"https:\/\/centralepaysanne.lu\/WordPress3\/index.php?rest_route=%2Fwp%2Fv2%2Fcomments&post=9637"}],"version-history":[{"count":1,"href":"https:\/\/centralepaysanne.lu\/WordPress3\/index.php?rest_route=\/wp\/v2\/posts\/9637\/revisions"}],"predecessor-version":[{"id":9639,"href":"https:\/\/centralepaysanne.lu\/WordPress3\/index.php?rest_route=\/wp\/v2\/posts\/9637\/revisions\/9639"}],"wp:featuredmedia":[{"embeddable":true,"href":"https:\/\/centralepaysanne.lu\/WordPress3\/index.php?rest_route=\/wp\/v2\/media\/9638"}],"wp:attachment":[{"href":"https:\/\/centralepaysanne.lu\/WordPress3\/index.php?rest_route=%2Fwp%2Fv2%2Fmedia&parent=9637"}],"wp:term":[{"taxonomy":"category","embeddable":true,"href":"https:\/\/centralepaysanne.lu\/WordPress3\/index.php?rest_route=%2Fwp%2Fv2%2Fcategories&post=9637"},{"taxonomy":"post_tag","embeddable":true,"href":"https:\/\/centralepaysanne.lu\/WordPress3\/index.php?rest_route=%2Fwp%2Fv2%2Ftags&post=9637"}],"curies":[{"name":"wp","href":"https:\/\/api.w.org\/{rel}","templated":true}]}}