{"id":9634,"date":"2026-01-06T09:55:35","date_gmt":"2026-01-06T08:55:35","guid":{"rendered":"https:\/\/centralepaysanne.lu\/WordPress3\/?p=9634"},"modified":"2026-01-06T09:55:35","modified_gmt":"2026-01-06T08:55:35","slug":"vogelgrippe-unter-kontrolle","status":"publish","type":"post","link":"https:\/\/centralepaysanne.lu\/WordPress3\/?p=9634","title":{"rendered":"VOGELGRIPPE UNTER KONTROLLE"},"content":{"rendered":"\n<p>Die luxemburgische Veterin\u00e4r- und Lebensmittelbeh\u00f6rde (ALVA) teilt mit, dass aufgrund der g\u00fcnstigen Entwicklung der Gesundheitslage in Bezug auf die Vogelgrippe (H5N1) auf luxemburgischem Gebiet die versch\u00e4rften Pr\u00e4ventionsma\u00dfnahmen nun gelockert werden.<\/p>\n\n\n\n<p><strong>Aufgehobene Ma\u00dfnahmen:<\/strong><\/p>\n\n\n\n<p>\u2022&nbsp;&nbsp;&nbsp; Das Verbot von Ausstellungen, Messen und M\u00e4rkten f\u00fcr Gefl\u00fcgel oder in Gefangenschaft gehaltene V\u00f6gel wird aufgehoben. Diese Veranstaltungen k\u00f6nnen wieder organisiert werden.<\/p>\n\n\n\n<p>\u2022&nbsp;&nbsp;&nbsp; Die Verpflichtung, Gefl\u00fcgel in geschlossenen R\u00e4umen zu halten, wird aufgehoben.<\/p>\n\n\n\n<p><strong>Beibehaltene Empfehlungen:<\/strong><\/p>\n\n\n\n<p>\u2022&nbsp;&nbsp;&nbsp; Obwohl die Stallpflicht nicht mehr vorgeschrieben ist, wird sie weiterhin dringend empfohlen, um jegliches Restrisiko zu begrenzen. Der Zugang zu mit Netzen gesch\u00fctzten Auslaufbereichen ist nach wie vor unerl\u00e4sslich, um den Kontakt mit Wildv\u00f6geln zu begrenzen und das Risiko einer Einschleppung des Virus zu minimieren.<\/p>\n\n\n\n<p>\u2022&nbsp;&nbsp;&nbsp; Die F\u00fctterung und Tr\u00e4nkung muss weiterhin unter einem Unterstand oder im Inneren des Stalls erfolgen.<\/p>\n\n\n\n<p>\u2022&nbsp;&nbsp;&nbsp; Die Biosicherheitsvorschriften m\u00fcssen strikt eingehalten werden.<\/p>\n\n\n\n<p>\u2022&nbsp;&nbsp;&nbsp; Jede ungew\u00f6hnliche Mortalit\u00e4t, jedes klinische Anzeichen, das auf Vogelgrippe hindeutet, oder jeder ungew\u00f6hnliche R\u00fcckgang der Produktionsparameter muss unverz\u00fcglich einem Tierarzt gemeldet werden.<\/p>\n\n\n\n<p>Die ALVA erinnert daran, dass die Vogelgrippe nach wie vor eine hochansteckende Viruserkrankung ist, f\u00fcr die fast alle Vogelarten empf\u00e4nglich sind.<\/p>\n\n\n\n<p>Der Verzehr von Gefl\u00fcgelfleisch und Eiern stellt kein Gesundheitsrisiko f\u00fcr den Verbraucher dar.<\/p>\n\n\n\n<p>Obwohl die Situation derzeit unter Kontrolle ist, bleibt Wachsamkeit unerl\u00e4sslich.<strong> Der letzte positive Fall in Luxemburg wurde am 5. Dezember 2025 festgestellt. Insgesamt hat die ALVA bei 22 Wildv\u00f6geln die Vogelgrippe best\u00e4tigt, jedoch war keine Gefl\u00fcgelzucht betroffen.<\/strong><\/p>\n\n\n\n<p>Die Beh\u00f6rde betont, dass jeder Import von Gefl\u00fcgel unbedingt mit einer Gesundheitsbescheinigung (TRACES) einhergehen muss, die von einem amtlichen Tierarzt des Herkunftslandes ausgestellt wurde. Diese Verpflichtung gilt auch f\u00fcr den Kauf von Gefl\u00fcgel auf einem Markt.<\/p>\n\n\n\n<p>(Mitteilung des Ministeriums f\u00fcr Landwirtschaft, Ern\u00e4hrung und Weinbau)<\/p>\n\n\n\n<figure class=\"wp-block-image size-large\"><img loading=\"lazy\" decoding=\"async\" width=\"1024\" height=\"683\" src=\"https:\/\/centralepaysanne.lu\/WordPress3\/wp-content\/uploads\/2026\/01\/announcement-5529098_1920-1024x683.jpg\" alt=\"\" class=\"wp-image-9635\" srcset=\"https:\/\/centralepaysanne.lu\/WordPress3\/wp-content\/uploads\/2026\/01\/announcement-5529098_1920-1024x683.jpg 1024w, https:\/\/centralepaysanne.lu\/WordPress3\/wp-content\/uploads\/2026\/01\/announcement-5529098_1920-300x200.jpg 300w, https:\/\/centralepaysanne.lu\/WordPress3\/wp-content\/uploads\/2026\/01\/announcement-5529098_1920-768x512.jpg 768w, https:\/\/centralepaysanne.lu\/WordPress3\/wp-content\/uploads\/2026\/01\/announcement-5529098_1920-1536x1024.jpg 1536w, https:\/\/centralepaysanne.lu\/WordPress3\/wp-content\/uploads\/2026\/01\/announcement-5529098_1920-640x427.jpg 640w, https:\/\/centralepaysanne.lu\/WordPress3\/wp-content\/uploads\/2026\/01\/announcement-5529098_1920.jpg 1920w\" sizes=\"auto, (max-width: 1024px) 100vw, 1024px\" \/><\/figure>\n","protected":false},"excerpt":{"rendered":"<p>Die luxemburgische Veterin\u00e4r- und Lebensmittelbeh\u00f6rde (ALVA) teilt mit, dass aufgrund der g\u00fcnstigen Entwicklung der Gesundheitslage in Bezug auf die Vogelgrippe (H5N1) auf luxemburgischem Gebiet die versch\u00e4rften Pr\u00e4ventionsma\u00dfnahmen nun gelockert werden. Aufgehobene Ma\u00dfnahmen: \u2022&nbsp;&nbsp;&nbsp; Das Verbot von Ausstellungen, Messen und M\u00e4rkten f\u00fcr Gefl\u00fcgel oder in Gefangenschaft gehaltene V\u00f6gel wird aufgehoben. Diese Veranstaltungen k\u00f6nnen wieder organisiert werden. \u2022&nbsp;&nbsp;&nbsp; Die Verpflichtung, Gefl\u00fcgel in geschlossenen R\u00e4umen zu halten, wird aufgehoben. Beibehaltene Empfehlungen: \u2022&nbsp;&nbsp;&nbsp; Obwohl die Stallpflicht nicht mehr vorgeschrieben ist, wird sie weiterhin dringend empfohlen, um jegliches Restrisiko zu [&hellip;]<\/p>\n","protected":false},"author":12,"featured_media":0,"comment_status":"closed","ping_status":"open","sticky":false,"template":"","format":"standard","meta":{"ngg_post_thumbnail":0,"_jetpack_memberships_contains_paid_content":false,"footnotes":""},"categories":[3],"tags":[],"class_list":["post-9634","post","type-post","status-publish","format-standard","hentry","category-centrale-paysanne"],"jetpack_featured_media_url":"","jetpack_sharing_enabled":true,"jetpack_shortlink":"https:\/\/wp.me\/p2ls4K-2vo","jetpack_likes_enabled":false,"publishpress_future_action":{"enabled":false,"date":"2026-05-07 22:18:07","action":"category-add","newStatus":"draft","terms":[],"taxonomy":"category","extraData":[]},"publishpress_future_workflow_manual_trigger":{"enabledWorkflows":[]},"_links":{"self":[{"href":"https:\/\/centralepaysanne.lu\/WordPress3\/index.php?rest_route=\/wp\/v2\/posts\/9634","targetHints":{"allow":["GET"]}}],"collection":[{"href":"https:\/\/centralepaysanne.lu\/WordPress3\/index.php?rest_route=\/wp\/v2\/posts"}],"about":[{"href":"https:\/\/centralepaysanne.lu\/WordPress3\/index.php?rest_route=\/wp\/v2\/types\/post"}],"author":[{"embeddable":true,"href":"https:\/\/centralepaysanne.lu\/WordPress3\/index.php?rest_route=\/wp\/v2\/users\/12"}],"replies":[{"embeddable":true,"href":"https:\/\/centralepaysanne.lu\/WordPress3\/index.php?rest_route=%2Fwp%2Fv2%2Fcomments&post=9634"}],"version-history":[{"count":1,"href":"https:\/\/centralepaysanne.lu\/WordPress3\/index.php?rest_route=\/wp\/v2\/posts\/9634\/revisions"}],"predecessor-version":[{"id":9636,"href":"https:\/\/centralepaysanne.lu\/WordPress3\/index.php?rest_route=\/wp\/v2\/posts\/9634\/revisions\/9636"}],"wp:attachment":[{"href":"https:\/\/centralepaysanne.lu\/WordPress3\/index.php?rest_route=%2Fwp%2Fv2%2Fmedia&parent=9634"}],"wp:term":[{"taxonomy":"category","embeddable":true,"href":"https:\/\/centralepaysanne.lu\/WordPress3\/index.php?rest_route=%2Fwp%2Fv2%2Fcategories&post=9634"},{"taxonomy":"post_tag","embeddable":true,"href":"https:\/\/centralepaysanne.lu\/WordPress3\/index.php?rest_route=%2Fwp%2Fv2%2Ftags&post=9634"}],"curies":[{"name":"wp","href":"https:\/\/api.w.org\/{rel}","templated":true}]}}