{"id":9528,"date":"2025-11-26T14:05:17","date_gmt":"2025-11-26T13:05:17","guid":{"rendered":"https:\/\/centralepaysanne.lu\/WordPress3\/?p=9528"},"modified":"2025-11-26T14:08:37","modified_gmt":"2025-11-26T13:08:37","slug":"ortsdelegiertentag-2025","status":"publish","type":"post","link":"https:\/\/centralepaysanne.lu\/WordPress3\/?p=9528","title":{"rendered":"Ortsdelegiertentag 2025"},"content":{"rendered":"\n<p><\/p>\n\n\n\n<h2 class=\"wp-block-heading has-text-align-left\">Besuch bei Claas in Woippy und gemeinsamer Abschluss in Talange<\/h2>\n\n\n\n<p>Der diesj\u00e4hrige traditionelle <strong>Ortsdelegiertentag<\/strong>, am 18. November 2025, der Centrale Paysanne f\u00fchrte die Teilnehmerinnen und Teilnehmer nach Frankreich, genauer gesagt ins lothringischen Woippy bei Metz, wo ein <strong>gef\u00fchrter Rundgang durch das Claas-Werk<\/strong> auf dem Programm stand. Vor Ort erhielten die Delegierten Einblicke in die Produktionsprozesse, die verschiedenen Fertigungsschritte sowie aktuelle Entwicklungen im modernen Landmaschinenbau. Die Guides vor Ort boten eine kompakte und praxisnahe \u00dcbersicht \u00fcber die Innovationsschwerpunkte des Unternehmens.<\/p>\n\n\n\n<p>Im Anschluss wechselte die Gruppe nach Talange, wo der Delegiertentag bei einem <strong>gemeinsamen Essen in geselligem Rahmen<\/strong> ausklang. Der Austausch untereinander, der direkte Kontakt zwischen den Ortsdelegierten und der Direktion der Bauerenzentrale, sowie der informelle Austausch standen hier im Vordergrund.<\/p>\n\n\n\n<figure class=\"wp-block-gallery aligncenter has-nested-images columns-1 is-cropped wp-block-gallery-1 is-layout-flex wp-block-gallery-is-layout-flex\">\n<figure class=\"wp-block-image size-full\"><img loading=\"lazy\" decoding=\"async\" width=\"2048\" height=\"1536\" data-id=\"9530\" src=\"https:\/\/centralepaysanne.lu\/WordPress3\/wp-content\/uploads\/2025\/11\/Ortsdelegierentag-2025-03.jpg\" alt=\"\" class=\"wp-image-9530\" srcset=\"https:\/\/centralepaysanne.lu\/WordPress3\/wp-content\/uploads\/2025\/11\/Ortsdelegierentag-2025-03.jpg 2048w, https:\/\/centralepaysanne.lu\/WordPress3\/wp-content\/uploads\/2025\/11\/Ortsdelegierentag-2025-03-300x225.jpg 300w, https:\/\/centralepaysanne.lu\/WordPress3\/wp-content\/uploads\/2025\/11\/Ortsdelegierentag-2025-03-1024x768.jpg 1024w, https:\/\/centralepaysanne.lu\/WordPress3\/wp-content\/uploads\/2025\/11\/Ortsdelegierentag-2025-03-768x576.jpg 768w, https:\/\/centralepaysanne.lu\/WordPress3\/wp-content\/uploads\/2025\/11\/Ortsdelegierentag-2025-03-1536x1152.jpg 1536w, https:\/\/centralepaysanne.lu\/WordPress3\/wp-content\/uploads\/2025\/11\/Ortsdelegierentag-2025-03-360x270.jpg 360w, https:\/\/centralepaysanne.lu\/WordPress3\/wp-content\/uploads\/2025\/11\/Ortsdelegierentag-2025-03-80x60.jpg 80w, https:\/\/centralepaysanne.lu\/WordPress3\/wp-content\/uploads\/2025\/11\/Ortsdelegierentag-2025-03-640x480.jpg 640w\" sizes=\"auto, (max-width: 2048px) 100vw, 2048px\" \/><\/figure>\n\n\n\n<figure class=\"wp-block-image size-full\"><img loading=\"lazy\" decoding=\"async\" width=\"2048\" height=\"1536\" data-id=\"9534\" src=\"https:\/\/centralepaysanne.lu\/WordPress3\/wp-content\/uploads\/2025\/11\/Ortsdelegierentag-2025-06.jpg\" alt=\"\" class=\"wp-image-9534\" srcset=\"https:\/\/centralepaysanne.lu\/WordPress3\/wp-content\/uploads\/2025\/11\/Ortsdelegierentag-2025-06.jpg 2048w, https:\/\/centralepaysanne.lu\/WordPress3\/wp-content\/uploads\/2025\/11\/Ortsdelegierentag-2025-06-300x225.jpg 300w, https:\/\/centralepaysanne.lu\/WordPress3\/wp-content\/uploads\/2025\/11\/Ortsdelegierentag-2025-06-1024x768.jpg 1024w, https:\/\/centralepaysanne.lu\/WordPress3\/wp-content\/uploads\/2025\/11\/Ortsdelegierentag-2025-06-768x576.jpg 768w, https:\/\/centralepaysanne.lu\/WordPress3\/wp-content\/uploads\/2025\/11\/Ortsdelegierentag-2025-06-1536x1152.jpg 1536w, https:\/\/centralepaysanne.lu\/WordPress3\/wp-content\/uploads\/2025\/11\/Ortsdelegierentag-2025-06-360x270.jpg 360w, https:\/\/centralepaysanne.lu\/WordPress3\/wp-content\/uploads\/2025\/11\/Ortsdelegierentag-2025-06-80x60.jpg 80w, https:\/\/centralepaysanne.lu\/WordPress3\/wp-content\/uploads\/2025\/11\/Ortsdelegierentag-2025-06-640x480.jpg 640w\" sizes=\"auto, (max-width: 2048px) 100vw, 2048px\" \/><\/figure>\n\n\n\n<figure class=\"wp-block-image size-full\"><img loading=\"lazy\" decoding=\"async\" width=\"2048\" height=\"1536\" data-id=\"9536\" src=\"https:\/\/centralepaysanne.lu\/WordPress3\/wp-content\/uploads\/2025\/11\/Ortsdelegierentag-2025-07.jpg\" alt=\"\" class=\"wp-image-9536\" srcset=\"https:\/\/centralepaysanne.lu\/WordPress3\/wp-content\/uploads\/2025\/11\/Ortsdelegierentag-2025-07.jpg 2048w, https:\/\/centralepaysanne.lu\/WordPress3\/wp-content\/uploads\/2025\/11\/Ortsdelegierentag-2025-07-300x225.jpg 300w, https:\/\/centralepaysanne.lu\/WordPress3\/wp-content\/uploads\/2025\/11\/Ortsdelegierentag-2025-07-1024x768.jpg 1024w, https:\/\/centralepaysanne.lu\/WordPress3\/wp-content\/uploads\/2025\/11\/Ortsdelegierentag-2025-07-768x576.jpg 768w, https:\/\/centralepaysanne.lu\/WordPress3\/wp-content\/uploads\/2025\/11\/Ortsdelegierentag-2025-07-1536x1152.jpg 1536w, https:\/\/centralepaysanne.lu\/WordPress3\/wp-content\/uploads\/2025\/11\/Ortsdelegierentag-2025-07-360x270.jpg 360w, https:\/\/centralepaysanne.lu\/WordPress3\/wp-content\/uploads\/2025\/11\/Ortsdelegierentag-2025-07-80x60.jpg 80w, https:\/\/centralepaysanne.lu\/WordPress3\/wp-content\/uploads\/2025\/11\/Ortsdelegierentag-2025-07-640x480.jpg 640w\" sizes=\"auto, (max-width: 2048px) 100vw, 2048px\" \/><\/figure>\n\n\n\n<figure class=\"wp-block-image size-full Ortsdelegiertentag2026\"><img loading=\"lazy\" decoding=\"async\" width=\"2048\" height=\"1536\" data-id=\"9535\" src=\"https:\/\/centralepaysanne.lu\/WordPress3\/wp-content\/uploads\/2025\/11\/Ortsdelegierentag-2025-04.jpg\" alt=\"Ortsdelegierten beim gemeinsamen Essen in Talange. (Foto: \u00a9 Centrale Paysanne)\" class=\"wp-image-9535\" srcset=\"https:\/\/centralepaysanne.lu\/WordPress3\/wp-content\/uploads\/2025\/11\/Ortsdelegierentag-2025-04.jpg 2048w, https:\/\/centralepaysanne.lu\/WordPress3\/wp-content\/uploads\/2025\/11\/Ortsdelegierentag-2025-04-300x225.jpg 300w, https:\/\/centralepaysanne.lu\/WordPress3\/wp-content\/uploads\/2025\/11\/Ortsdelegierentag-2025-04-1024x768.jpg 1024w, https:\/\/centralepaysanne.lu\/WordPress3\/wp-content\/uploads\/2025\/11\/Ortsdelegierentag-2025-04-768x576.jpg 768w, https:\/\/centralepaysanne.lu\/WordPress3\/wp-content\/uploads\/2025\/11\/Ortsdelegierentag-2025-04-1536x1152.jpg 1536w, https:\/\/centralepaysanne.lu\/WordPress3\/wp-content\/uploads\/2025\/11\/Ortsdelegierentag-2025-04-360x270.jpg 360w, https:\/\/centralepaysanne.lu\/WordPress3\/wp-content\/uploads\/2025\/11\/Ortsdelegierentag-2025-04-80x60.jpg 80w, https:\/\/centralepaysanne.lu\/WordPress3\/wp-content\/uploads\/2025\/11\/Ortsdelegierentag-2025-04-640x480.jpg 640w\" sizes=\"auto, (max-width: 2048px) 100vw, 2048px\" \/><\/figure>\n\n\n\n<figure class=\"wp-block-image size-full\"><img loading=\"lazy\" decoding=\"async\" width=\"2048\" height=\"1536\" data-id=\"9531\" src=\"https:\/\/centralepaysanne.lu\/WordPress3\/wp-content\/uploads\/2025\/11\/Ortsdelegierentag-2025-05.jpg\" alt=\"\" class=\"wp-image-9531\" srcset=\"https:\/\/centralepaysanne.lu\/WordPress3\/wp-content\/uploads\/2025\/11\/Ortsdelegierentag-2025-05.jpg 2048w, https:\/\/centralepaysanne.lu\/WordPress3\/wp-content\/uploads\/2025\/11\/Ortsdelegierentag-2025-05-300x225.jpg 300w, https:\/\/centralepaysanne.lu\/WordPress3\/wp-content\/uploads\/2025\/11\/Ortsdelegierentag-2025-05-1024x768.jpg 1024w, https:\/\/centralepaysanne.lu\/WordPress3\/wp-content\/uploads\/2025\/11\/Ortsdelegierentag-2025-05-768x576.jpg 768w, https:\/\/centralepaysanne.lu\/WordPress3\/wp-content\/uploads\/2025\/11\/Ortsdelegierentag-2025-05-1536x1152.jpg 1536w, https:\/\/centralepaysanne.lu\/WordPress3\/wp-content\/uploads\/2025\/11\/Ortsdelegierentag-2025-05-360x270.jpg 360w, https:\/\/centralepaysanne.lu\/WordPress3\/wp-content\/uploads\/2025\/11\/Ortsdelegierentag-2025-05-80x60.jpg 80w, https:\/\/centralepaysanne.lu\/WordPress3\/wp-content\/uploads\/2025\/11\/Ortsdelegierentag-2025-05-640x480.jpg 640w\" sizes=\"auto, (max-width: 2048px) 100vw, 2048px\" \/><\/figure>\n\n\n\n<figure class=\"wp-block-image size-full\"><img loading=\"lazy\" decoding=\"async\" width=\"2048\" height=\"1536\" data-id=\"9532\" src=\"https:\/\/centralepaysanne.lu\/WordPress3\/wp-content\/uploads\/2025\/11\/Ortsdelegierentag-2025-02.jpg\" alt=\"\" class=\"wp-image-9532\" srcset=\"https:\/\/centralepaysanne.lu\/WordPress3\/wp-content\/uploads\/2025\/11\/Ortsdelegierentag-2025-02.jpg 2048w, https:\/\/centralepaysanne.lu\/WordPress3\/wp-content\/uploads\/2025\/11\/Ortsdelegierentag-2025-02-300x225.jpg 300w, https:\/\/centralepaysanne.lu\/WordPress3\/wp-content\/uploads\/2025\/11\/Ortsdelegierentag-2025-02-1024x768.jpg 1024w, https:\/\/centralepaysanne.lu\/WordPress3\/wp-content\/uploads\/2025\/11\/Ortsdelegierentag-2025-02-768x576.jpg 768w, https:\/\/centralepaysanne.lu\/WordPress3\/wp-content\/uploads\/2025\/11\/Ortsdelegierentag-2025-02-1536x1152.jpg 1536w, https:\/\/centralepaysanne.lu\/WordPress3\/wp-content\/uploads\/2025\/11\/Ortsdelegierentag-2025-02-360x270.jpg 360w, https:\/\/centralepaysanne.lu\/WordPress3\/wp-content\/uploads\/2025\/11\/Ortsdelegierentag-2025-02-80x60.jpg 80w, https:\/\/centralepaysanne.lu\/WordPress3\/wp-content\/uploads\/2025\/11\/Ortsdelegierentag-2025-02-640x480.jpg 640w\" sizes=\"auto, (max-width: 2048px) 100vw, 2048px\" \/><\/figure>\n<\/figure>\n\n\n\n<figure class=\"wp-block-image size-large\"><img loading=\"lazy\" decoding=\"async\" width=\"1024\" height=\"768\" src=\"https:\/\/centralepaysanne.lu\/WordPress3\/wp-content\/uploads\/2025\/11\/Ortsdelegierentag-2025-08-1024x768.jpg\" alt=\"(Fotos: \u00a9 Centrale Paysanne)\" class=\"wp-image-9533\" srcset=\"https:\/\/centralepaysanne.lu\/WordPress3\/wp-content\/uploads\/2025\/11\/Ortsdelegierentag-2025-08-1024x768.jpg 1024w, https:\/\/centralepaysanne.lu\/WordPress3\/wp-content\/uploads\/2025\/11\/Ortsdelegierentag-2025-08-300x225.jpg 300w, https:\/\/centralepaysanne.lu\/WordPress3\/wp-content\/uploads\/2025\/11\/Ortsdelegierentag-2025-08-768x576.jpg 768w, https:\/\/centralepaysanne.lu\/WordPress3\/wp-content\/uploads\/2025\/11\/Ortsdelegierentag-2025-08-1536x1152.jpg 1536w, https:\/\/centralepaysanne.lu\/WordPress3\/wp-content\/uploads\/2025\/11\/Ortsdelegierentag-2025-08-360x270.jpg 360w, https:\/\/centralepaysanne.lu\/WordPress3\/wp-content\/uploads\/2025\/11\/Ortsdelegierentag-2025-08-80x60.jpg 80w, https:\/\/centralepaysanne.lu\/WordPress3\/wp-content\/uploads\/2025\/11\/Ortsdelegierentag-2025-08-640x480.jpg 640w, https:\/\/centralepaysanne.lu\/WordPress3\/wp-content\/uploads\/2025\/11\/Ortsdelegierentag-2025-08.jpg 2048w\" sizes=\"auto, (max-width: 1024px) 100vw, 1024px\" \/><figcaption class=\"wp-element-caption\">(Fotos: \u00a9 Centrale Paysanne)<\/figcaption><\/figure>\n\n\n\n<p>Mit dem gut strukturierten Programm bot der diesj\u00e4hrige Ausflug der Ortsdelegierten erneut eine gelungene Kombination aus fachlicher Information, Einblicken in die industrielle Praxis und kollegialem Miteinander. Die An- und R\u00fcckreise erfolgte mit einem organisierten Bus, was einen reibungslosen Ablauf und einen entspannten Austausch bereits w\u00e4hrend der Fahrt erm\u00f6glichte.<\/p>\n\n\n\n<p><strong><mark style=\"background-color:rgba(0, 0, 0, 0);color:#2299cc\" class=\"has-inline-color\">Kurzinfo zum Claas-Werk in Woippy<\/mark><\/strong><\/p>\n\n\n\n<p>Das <a href=\"https:\/\/www.claas.com\/de-at\/erleben\/stories\/many-places-one-passion\/metz\">Claas-Werk in Woippy<\/a> (Metz) ist ein wichtiger Produktions- und Logistikstandort des deutschen Landtechnikherstellers Claas. Dort werden unter anderem Komponenten f\u00fcr Traktoren, M\u00e4hdrescher und weitere Erntemaschinen gefertigt sowie zentrale Montage- und Lagerprozesse geb\u00fcndelt. <\/p>\n\n\n\n<figure class=\"wp-block-image size-large\"><img loading=\"lazy\" decoding=\"async\" width=\"1024\" height=\"682\" src=\"https:\/\/centralepaysanne.lu\/WordPress3\/wp-content\/uploads\/2025\/11\/metz-pic-1-1024x682.webp\" alt=\"Seit 1961 wurden im lothringischen Woippy bei Metz mehr als 300.000 Ballenpressen gefertigt. (Foto: CLAAS KGaA mbH\" class=\"wp-image-9529\" srcset=\"https:\/\/centralepaysanne.lu\/WordPress3\/wp-content\/uploads\/2025\/11\/metz-pic-1-1024x682.webp 1024w, https:\/\/centralepaysanne.lu\/WordPress3\/wp-content\/uploads\/2025\/11\/metz-pic-1-300x200.webp 300w, https:\/\/centralepaysanne.lu\/WordPress3\/wp-content\/uploads\/2025\/11\/metz-pic-1-768x512.webp 768w, https:\/\/centralepaysanne.lu\/WordPress3\/wp-content\/uploads\/2025\/11\/metz-pic-1-640x426.webp 640w, https:\/\/centralepaysanne.lu\/WordPress3\/wp-content\/uploads\/2025\/11\/metz-pic-1.webp 1249w\" sizes=\"auto, (max-width: 1024px) 100vw, 1024px\" \/><figcaption class=\"wp-element-caption\">Seit 1961 wurden im lothringischen Woippy bei Metz mehr als 300.000 Ballenpressen gefertigt. (Foto: CLAAS KGaA mbH<\/figcaption><\/figure>\n\n\n\n<p><\/p>\n","protected":false},"excerpt":{"rendered":"<p>Besuch bei Claas in Woippy und gemeinsamer Abschluss in Talange Der diesj\u00e4hrige traditionelle Ortsdelegiertentag, am 18. November 2025, der Centrale Paysanne f\u00fchrte die Teilnehmerinnen und Teilnehmer nach Frankreich, genauer gesagt ins lothringischen Woippy bei Metz, wo ein gef\u00fchrter Rundgang durch das Claas-Werk auf dem Programm stand. Vor Ort erhielten die Delegierten Einblicke in die Produktionsprozesse, die verschiedenen Fertigungsschritte sowie aktuelle Entwicklungen im modernen Landmaschinenbau. Die Guides vor Ort boten eine kompakte und praxisnahe \u00dcbersicht \u00fcber die Innovationsschwerpunkte des Unternehmens. Im Anschluss wechselte die Gruppe nach [&hellip;]<\/p>\n","protected":false},"author":12,"featured_media":9537,"comment_status":"closed","ping_status":"closed","sticky":false,"template":"","format":"standard","meta":{"ngg_post_thumbnail":0,"_jetpack_memberships_contains_paid_content":false,"footnotes":""},"categories":[3,11,12,1],"tags":[405,407,409,408,406,403],"class_list":["post-9528","post","type-post","status-publish","format-standard","has-post-thumbnail","hentry","category-centrale-paysanne","category-sozialwesen","category-technik","category-uncategorized","tag-405","tag-ausflug","tag-bauerenzentral","tag-centralepaysanne","tag-claas","tag-ortsdelegierte"],"jetpack_featured_media_url":"https:\/\/centralepaysanne.lu\/WordPress3\/wp-content\/uploads\/2025\/11\/Ortsdelegierentag-2025-08-1.jpg","jetpack_sharing_enabled":true,"jetpack_shortlink":"https:\/\/wp.me\/p2ls4K-2tG","jetpack_likes_enabled":false,"publishpress_future_action":{"enabled":false,"date":"2026-05-08 04:13:22","action":"category-add","newStatus":"draft","terms":[],"taxonomy":"category","extraData":[]},"publishpress_future_workflow_manual_trigger":{"enabledWorkflows":[]},"_links":{"self":[{"href":"https:\/\/centralepaysanne.lu\/WordPress3\/index.php?rest_route=\/wp\/v2\/posts\/9528","targetHints":{"allow":["GET"]}}],"collection":[{"href":"https:\/\/centralepaysanne.lu\/WordPress3\/index.php?rest_route=\/wp\/v2\/posts"}],"about":[{"href":"https:\/\/centralepaysanne.lu\/WordPress3\/index.php?rest_route=\/wp\/v2\/types\/post"}],"author":[{"embeddable":true,"href":"https:\/\/centralepaysanne.lu\/WordPress3\/index.php?rest_route=\/wp\/v2\/users\/12"}],"replies":[{"embeddable":true,"href":"https:\/\/centralepaysanne.lu\/WordPress3\/index.php?rest_route=%2Fwp%2Fv2%2Fcomments&post=9528"}],"version-history":[{"count":9,"href":"https:\/\/centralepaysanne.lu\/WordPress3\/index.php?rest_route=\/wp\/v2\/posts\/9528\/revisions"}],"predecessor-version":[{"id":9549,"href":"https:\/\/centralepaysanne.lu\/WordPress3\/index.php?rest_route=\/wp\/v2\/posts\/9528\/revisions\/9549"}],"wp:featuredmedia":[{"embeddable":true,"href":"https:\/\/centralepaysanne.lu\/WordPress3\/index.php?rest_route=\/wp\/v2\/media\/9537"}],"wp:attachment":[{"href":"https:\/\/centralepaysanne.lu\/WordPress3\/index.php?rest_route=%2Fwp%2Fv2%2Fmedia&parent=9528"}],"wp:term":[{"taxonomy":"category","embeddable":true,"href":"https:\/\/centralepaysanne.lu\/WordPress3\/index.php?rest_route=%2Fwp%2Fv2%2Fcategories&post=9528"},{"taxonomy":"post_tag","embeddable":true,"href":"https:\/\/centralepaysanne.lu\/WordPress3\/index.php?rest_route=%2Fwp%2Fv2%2Ftags&post=9528"}],"curies":[{"name":"wp","href":"https:\/\/api.w.org\/{rel}","templated":true}]}}