{"id":9509,"date":"2025-10-28T17:31:33","date_gmt":"2025-10-28T16:31:33","guid":{"rendered":"https:\/\/centralepaysanne.lu\/WordPress3\/?p=9509"},"modified":"2025-10-28T17:31:33","modified_gmt":"2025-10-28T16:31:33","slug":"verstaerkung-der-praeventivmassnahmen-gegen-die-vogelgrippe","status":"publish","type":"post","link":"https:\/\/centralepaysanne.lu\/WordPress3\/?p=9509","title":{"rendered":"Verst\u00e4rkung der Pr\u00e4ventivma\u00dfnahmen gegen die Vogelgrippe"},"content":{"rendered":"\n<p>In Luxemburg wurden neue F\u00e4lle der Vogelgrippe vom Typ H5N1 bei Wildv\u00f6geln festgestellt. Derzeit sind neun F\u00e4lle bei Kranichen und ein Fall bei einem Reiher bekannt.<\/p>\n\n\n\n<p>Diese Situation hat die luxemburgische Veterin\u00e4r- und Lebensmittelbeh\u00f6rde (ALVA) dazu veranlasst, die Lage zu \u00fcberpr\u00fcfen und das Risiko einer Einschleppung der Krankheit in unsere Gefl\u00fcgelzuchtbetriebe auf ein hohes Niveau anzuheben. Angesichts dieses hohen Risikos von Wildv\u00f6geln auf Hausgefl\u00fcgel verst\u00e4rkt die ALVA die Pr\u00e4ventionsma\u00dfnahmen.<\/p>\n\n\n\n<p><strong>Zus\u00e4tzliche Ma\u00dfnahmen<\/strong>:<\/p>\n\n\n\n<p>\u2022 Bis auf Weiteres sind alle Ausstellungen, Messen und M\u00e4rkte f\u00fcr Gefl\u00fcgel oder in Gefangenschaft gehaltene V\u00f6gel verboten.<\/p>\n\n\n\n<p><strong>Die ALVA betont, dass die am 22. Oktober 2025 eingef\u00fchrten Pr\u00e4ventionsma\u00dfnahmen weiterhin in vollem Umfang in Kraft bleiben:<\/strong><\/p>\n\n\n\n<p>\u2022 Gefl\u00fcgel muss in geschlossenen R\u00e4umen gehalten werden.<\/p>\n\n\n\n<p>\u2022 Die F\u00fctterung und Tr\u00e4nkung muss in geschlossenen R\u00e4umen oder so erfolgen, dass ein Kontakt mit Wildv\u00f6geln unm\u00f6glich ist.<\/p>\n\n\n\n<p>\u2022 Gefl\u00fcgel darf die geschlossenen R\u00e4ume verlassen, sofern die Auslaufbereiche durch Netze gesch\u00fctzt sind, um jeglichen Kontakt mit Wildv\u00f6geln zu vermeiden.<\/p>\n\n\n\n<p>\u2022 Die Biosicherheitsvorschriften sind strikt einzuhalten.<\/p>\n\n\n\n<p>\u2022 Jeder ungew\u00f6hnliche Tod von Gefl\u00fcgel, jede Symptomatik, die auf die Vogelgrippe hindeutet, oder jede Ver\u00e4nderung der Produktionsparameter (R\u00fcckgang des Futter- und\/oder Wasserverbrauchs, R\u00fcckgang der Legeleistung, ungew\u00f6hnliche Sterblichkeit) muss einem Tierarzt gemeldet werden.<\/p>\n\n\n\n<p>Die ALVA erinnert daran, dass die Vogelgrippe eine hochansteckende Viruserkrankung ist, f\u00fcr die fast alle Vogelarten empf\u00e4nglich sind. Der Schweregrad der Erkrankung variiert von Tier zu Tier und h\u00e4ngt vom Virusstamm, der Umgebung und m\u00f6glichen anderen Infektionen ab. Eine Ansteckung kann durch direkten Kontakt mit erkrankten Tieren oder durch Kontakt mit kontaminiertem Material erfolgen.<\/p>\n\n\n\n<p>S\u00e4ugetiere k\u00f6nnen in Ausnahmef\u00e4llen infiziert werden, beispielsweise wenn sie den Kadaver eines infizierten Vogels fressen oder in engen Kontakt mit dem Vogelgrippevirus kommen. Eine Ansteckung beim Menschen ist \u00e4u\u00dferst selten.<\/p>\n\n\n\n<p>Die Vogelgrippe stellt jedoch keine Gefahr f\u00fcr die \u00f6ffentliche Gesundheit dar, wenn Eier oder Gefl\u00fcgelfleisch verzehrt werden.<\/p>\n\n\n\n<figure class=\"wp-block-image size-large\"><img loading=\"lazy\" decoding=\"async\" width=\"1024\" height=\"576\" src=\"https:\/\/centralepaysanne.lu\/WordPress3\/wp-content\/uploads\/2025\/10\/stop-1374937_1920-1-1024x576.jpg\" alt=\"\" class=\"wp-image-9511\" srcset=\"https:\/\/centralepaysanne.lu\/WordPress3\/wp-content\/uploads\/2025\/10\/stop-1374937_1920-1-1024x576.jpg 1024w, https:\/\/centralepaysanne.lu\/WordPress3\/wp-content\/uploads\/2025\/10\/stop-1374937_1920-1-300x169.jpg 300w, https:\/\/centralepaysanne.lu\/WordPress3\/wp-content\/uploads\/2025\/10\/stop-1374937_1920-1-768x432.jpg 768w, https:\/\/centralepaysanne.lu\/WordPress3\/wp-content\/uploads\/2025\/10\/stop-1374937_1920-1-1536x864.jpg 1536w, https:\/\/centralepaysanne.lu\/WordPress3\/wp-content\/uploads\/2025\/10\/stop-1374937_1920-1-135x75.jpg 135w, https:\/\/centralepaysanne.lu\/WordPress3\/wp-content\/uploads\/2025\/10\/stop-1374937_1920-1-640x360.jpg 640w, https:\/\/centralepaysanne.lu\/WordPress3\/wp-content\/uploads\/2025\/10\/stop-1374937_1920-1.jpg 1920w\" sizes=\"auto, (max-width: 1024px) 100vw, 1024px\" \/><\/figure>\n","protected":false},"excerpt":{"rendered":"<p>In Luxemburg wurden neue F\u00e4lle der Vogelgrippe vom Typ H5N1 bei Wildv\u00f6geln festgestellt. Derzeit sind neun F\u00e4lle bei Kranichen und ein Fall bei einem Reiher bekannt. Diese Situation hat die luxemburgische Veterin\u00e4r- und Lebensmittelbeh\u00f6rde (ALVA) dazu veranlasst, die Lage zu \u00fcberpr\u00fcfen und das Risiko einer Einschleppung der Krankheit in unsere Gefl\u00fcgelzuchtbetriebe auf ein hohes Niveau anzuheben. Angesichts dieses hohen Risikos von Wildv\u00f6geln auf Hausgefl\u00fcgel verst\u00e4rkt die ALVA die Pr\u00e4ventionsma\u00dfnahmen. Zus\u00e4tzliche Ma\u00dfnahmen: \u2022 Bis auf Weiteres sind alle Ausstellungen, Messen und M\u00e4rkte f\u00fcr Gefl\u00fcgel oder in [&hellip;]<\/p>\n","protected":false},"author":12,"featured_media":9510,"comment_status":"closed","ping_status":"open","sticky":false,"template":"","format":"standard","meta":{"ngg_post_thumbnail":0,"_jetpack_memberships_contains_paid_content":false,"footnotes":""},"categories":[3],"tags":[],"class_list":["post-9509","post","type-post","status-publish","format-standard","has-post-thumbnail","hentry","category-centrale-paysanne"],"jetpack_featured_media_url":"https:\/\/centralepaysanne.lu\/WordPress3\/wp-content\/uploads\/2025\/10\/stop-1374937_1920.jpg","jetpack_sharing_enabled":true,"jetpack_shortlink":"https:\/\/wp.me\/p2ls4K-2tn","jetpack_likes_enabled":false,"publishpress_future_action":{"enabled":false,"date":"2026-05-05 08:01:35","action":"category-add","newStatus":"draft","terms":[],"taxonomy":"category","extraData":[]},"publishpress_future_workflow_manual_trigger":{"enabledWorkflows":[]},"_links":{"self":[{"href":"https:\/\/centralepaysanne.lu\/WordPress3\/index.php?rest_route=\/wp\/v2\/posts\/9509","targetHints":{"allow":["GET"]}}],"collection":[{"href":"https:\/\/centralepaysanne.lu\/WordPress3\/index.php?rest_route=\/wp\/v2\/posts"}],"about":[{"href":"https:\/\/centralepaysanne.lu\/WordPress3\/index.php?rest_route=\/wp\/v2\/types\/post"}],"author":[{"embeddable":true,"href":"https:\/\/centralepaysanne.lu\/WordPress3\/index.php?rest_route=\/wp\/v2\/users\/12"}],"replies":[{"embeddable":true,"href":"https:\/\/centralepaysanne.lu\/WordPress3\/index.php?rest_route=%2Fwp%2Fv2%2Fcomments&post=9509"}],"version-history":[{"count":1,"href":"https:\/\/centralepaysanne.lu\/WordPress3\/index.php?rest_route=\/wp\/v2\/posts\/9509\/revisions"}],"predecessor-version":[{"id":9512,"href":"https:\/\/centralepaysanne.lu\/WordPress3\/index.php?rest_route=\/wp\/v2\/posts\/9509\/revisions\/9512"}],"wp:featuredmedia":[{"embeddable":true,"href":"https:\/\/centralepaysanne.lu\/WordPress3\/index.php?rest_route=\/wp\/v2\/media\/9510"}],"wp:attachment":[{"href":"https:\/\/centralepaysanne.lu\/WordPress3\/index.php?rest_route=%2Fwp%2Fv2%2Fmedia&parent=9509"}],"wp:term":[{"taxonomy":"category","embeddable":true,"href":"https:\/\/centralepaysanne.lu\/WordPress3\/index.php?rest_route=%2Fwp%2Fv2%2Fcategories&post=9509"},{"taxonomy":"post_tag","embeddable":true,"href":"https:\/\/centralepaysanne.lu\/WordPress3\/index.php?rest_route=%2Fwp%2Fv2%2Ftags&post=9509"}],"curies":[{"name":"wp","href":"https:\/\/api.w.org\/{rel}","templated":true}]}}