{"id":9475,"date":"2025-10-03T17:05:48","date_gmt":"2025-10-03T15:05:48","guid":{"rendered":"https:\/\/centralepaysanne.lu\/WordPress3\/?p=9475"},"modified":"2025-10-03T17:05:48","modified_gmt":"2025-10-03T15:05:48","slug":"dei-beschte-wensch-fir-dei-nei-groussherzoglech-koppel","status":"publish","type":"post","link":"https:\/\/centralepaysanne.lu\/WordPress3\/?p=9475","title":{"rendered":"D\u00c9I BESCHTE W\u00cbNSCH FIR D\u00c9I NEI GROUSSHERZOGLECH KOPPEL"},"content":{"rendered":"\n<p>D&#8217;Centrale Paysanne w\u00ebnscht dem Guillaume an dem St\u00e9phanie all Gutts an der neier Funktioun an eng gl\u00e9cklech Hand, <a><\/a>fir d&#8217;Land ze feieren..<\/p>\n\n\n\n<p>#MirLieweLandwirtschaft #Trounwiessel<\/p>\n\n\n\n<p>(C) SIP\/ Christian Aschman<\/p>\n\n\n\n<figure class=\"wp-block-image size-large\"><img loading=\"lazy\" decoding=\"async\" width=\"683\" height=\"1024\" src=\"https:\/\/centralepaysanne.lu\/WordPress3\/wp-content\/uploads\/2025\/10\/LeCoupleGrandDucal_001_vertical-683x1024.jpg\" alt=\"\" class=\"wp-image-9476\" srcset=\"https:\/\/centralepaysanne.lu\/WordPress3\/wp-content\/uploads\/2025\/10\/LeCoupleGrandDucal_001_vertical-683x1024.jpg 683w, https:\/\/centralepaysanne.lu\/WordPress3\/wp-content\/uploads\/2025\/10\/LeCoupleGrandDucal_001_vertical-200x300.jpg 200w, https:\/\/centralepaysanne.lu\/WordPress3\/wp-content\/uploads\/2025\/10\/LeCoupleGrandDucal_001_vertical-768x1152.jpg 768w, https:\/\/centralepaysanne.lu\/WordPress3\/wp-content\/uploads\/2025\/10\/LeCoupleGrandDucal_001_vertical-1024x1536.jpg 1024w, https:\/\/centralepaysanne.lu\/WordPress3\/wp-content\/uploads\/2025\/10\/LeCoupleGrandDucal_001_vertical-1365x2048.jpg 1365w, https:\/\/centralepaysanne.lu\/WordPress3\/wp-content\/uploads\/2025\/10\/LeCoupleGrandDucal_001_vertical-320x480.jpg 320w, https:\/\/centralepaysanne.lu\/WordPress3\/wp-content\/uploads\/2025\/10\/LeCoupleGrandDucal_001_vertical-scaled.jpg 1707w\" sizes=\"auto, (max-width: 683px) 100vw, 683px\" \/><figcaption class=\"wp-element-caption\">Portrait de Leurs Altesses Royales le Grand-Duc et la Grande-Duchesse<\/figcaption><\/figure>\n","protected":false},"excerpt":{"rendered":"<p>D&#8217;Centrale Paysanne w\u00ebnscht dem Guillaume an dem St\u00e9phanie all Gutts an der neier Funktioun an eng gl\u00e9cklech Hand, fir d&#8217;Land ze feieren.. #MirLieweLandwirtschaft #Trounwiessel (C) SIP\/ Christian Aschman<\/p>\n","protected":false},"author":12,"featured_media":9477,"comment_status":"closed","ping_status":"open","sticky":false,"template":"","format":"standard","meta":{"ngg_post_thumbnail":0,"_jetpack_memberships_contains_paid_content":false,"footnotes":""},"categories":[3],"tags":[],"class_list":["post-9475","post","type-post","status-publish","format-standard","has-post-thumbnail","hentry","category-centrale-paysanne"],"jetpack_featured_media_url":"https:\/\/centralepaysanne.lu\/WordPress3\/wp-content\/uploads\/2025\/10\/LeCoupleGrandDucal_001_vertical-1-scaled.jpg","jetpack_sharing_enabled":true,"jetpack_shortlink":"https:\/\/wp.me\/p2ls4K-2sP","jetpack_likes_enabled":false,"publishpress_future_action":{"enabled":false,"date":"2026-05-08 05:20:36","action":"category-add","newStatus":"draft","terms":[],"taxonomy":"category","extraData":[]},"publishpress_future_workflow_manual_trigger":{"enabledWorkflows":[]},"_links":{"self":[{"href":"https:\/\/centralepaysanne.lu\/WordPress3\/index.php?rest_route=\/wp\/v2\/posts\/9475","targetHints":{"allow":["GET"]}}],"collection":[{"href":"https:\/\/centralepaysanne.lu\/WordPress3\/index.php?rest_route=\/wp\/v2\/posts"}],"about":[{"href":"https:\/\/centralepaysanne.lu\/WordPress3\/index.php?rest_route=\/wp\/v2\/types\/post"}],"author":[{"embeddable":true,"href":"https:\/\/centralepaysanne.lu\/WordPress3\/index.php?rest_route=\/wp\/v2\/users\/12"}],"replies":[{"embeddable":true,"href":"https:\/\/centralepaysanne.lu\/WordPress3\/index.php?rest_route=%2Fwp%2Fv2%2Fcomments&post=9475"}],"version-history":[{"count":1,"href":"https:\/\/centralepaysanne.lu\/WordPress3\/index.php?rest_route=\/wp\/v2\/posts\/9475\/revisions"}],"predecessor-version":[{"id":9478,"href":"https:\/\/centralepaysanne.lu\/WordPress3\/index.php?rest_route=\/wp\/v2\/posts\/9475\/revisions\/9478"}],"wp:featuredmedia":[{"embeddable":true,"href":"https:\/\/centralepaysanne.lu\/WordPress3\/index.php?rest_route=\/wp\/v2\/media\/9477"}],"wp:attachment":[{"href":"https:\/\/centralepaysanne.lu\/WordPress3\/index.php?rest_route=%2Fwp%2Fv2%2Fmedia&parent=9475"}],"wp:term":[{"taxonomy":"category","embeddable":true,"href":"https:\/\/centralepaysanne.lu\/WordPress3\/index.php?rest_route=%2Fwp%2Fv2%2Fcategories&post=9475"},{"taxonomy":"post_tag","embeddable":true,"href":"https:\/\/centralepaysanne.lu\/WordPress3\/index.php?rest_route=%2Fwp%2Fv2%2Ftags&post=9475"}],"curies":[{"name":"wp","href":"https:\/\/api.w.org\/{rel}","templated":true}]}}