{"id":9425,"date":"2025-07-21T13:56:24","date_gmt":"2025-07-21T11:56:24","guid":{"rendered":"https:\/\/centralepaysanne.lu\/WordPress3\/?p=9425"},"modified":"2025-07-21T13:56:24","modified_gmt":"2025-07-21T11:56:24","slug":"offre-demploi","status":"publish","type":"post","link":"https:\/\/centralepaysanne.lu\/WordPress3\/?p=9425","title":{"rendered":"OFFRE D&#8217;EMPLOI"},"content":{"rendered":"\n<p>La Centrale Paysanne recherche pour entr\u00e9e imm\u00e9diate un<\/p>\n\n\n\n<p><strong>COLLABORATEUR POUR LE SECR\u00c9TARIAT G\u00c9N\u00c9RAL<\/strong> (m\/f) \u00e0 mi-temps (apr\u00e8s-midi)<\/p>\n\n\n\n<p><strong>Profil du candidat:<\/strong><\/p>\n\n\n\n<p>\u2022 connaissance des langues luxembourgeoise, allemande et fran\u00e7aise<\/p>\n\n\n\n<p>\u2022 bonnes capacit\u00e9s r\u00e9dactionnelles<\/p>\n\n\n\n<p>\u2022 ma\u00eetrise des outils informatiques<\/p>\n\n\n\n<p>\u2022 sens d\u2019organisation et aisance relationnelle pour le travail en \u00e9quipe<\/p>\n\n\n\n<p>\u2022 la connaissance du milieu agricole constitue un avantage<\/p>\n\n\n\n<p><strong>Nous offrons:<\/strong><\/p>\n\n\n\n<p>\u2022 une ambiance de travail dynamique<\/p>\n\n\n\n<p>\u2022 une r\u00e9mun\u00e9ration int\u00e9ressante en rapport avec les capacit\u00e9s<\/p>\n\n\n\n<p>\u2022 autres avantages<\/p>\n\n\n\n<p><strong>Les int\u00e9ress\u00e9s sont pri\u00e9s d\u2019adresser leur LETTRE DE CANDIDATURE avec C.V. et photo r\u00e9cente jusqu\u2019au 8 ao\u00fbt 2025<\/strong><\/p>\n\n\n\n<p>Par \u00e9crit \u00e0 :<\/p>\n\n\n\n<p>Centrale Paysanne Luxembourgeoise<\/p>\n\n\n\n<p>Service des Ressources humaines<\/p>\n\n\n\n<p>B.P. 48<\/p>\n\n\n\n<p>L-7501 MERSCH<\/p>\n\n\n\n<p>ou par email \u00e0 :<\/p>\n\n\n\n<p>hr@cepal.lu<\/p>\n\n\n\n<figure class=\"wp-block-image size-large\"><img loading=\"lazy\" decoding=\"async\" width=\"1024\" height=\"683\" src=\"https:\/\/centralepaysanne.lu\/WordPress3\/wp-content\/uploads\/2025\/07\/8592647-1024x683.jpg\" alt=\"\" class=\"wp-image-9426\" srcset=\"https:\/\/centralepaysanne.lu\/WordPress3\/wp-content\/uploads\/2025\/07\/8592647-1024x683.jpg 1024w, https:\/\/centralepaysanne.lu\/WordPress3\/wp-content\/uploads\/2025\/07\/8592647-300x200.jpg 300w, https:\/\/centralepaysanne.lu\/WordPress3\/wp-content\/uploads\/2025\/07\/8592647-768x512.jpg 768w, https:\/\/centralepaysanne.lu\/WordPress3\/wp-content\/uploads\/2025\/07\/8592647-1536x1024.jpg 1536w, https:\/\/centralepaysanne.lu\/WordPress3\/wp-content\/uploads\/2025\/07\/8592647-2048x1365.jpg 2048w, https:\/\/centralepaysanne.lu\/WordPress3\/wp-content\/uploads\/2025\/07\/8592647-640x427.jpg 640w\" sizes=\"auto, (max-width: 1024px) 100vw, 1024px\" \/><\/figure>\n","protected":false},"excerpt":{"rendered":"<p>La Centrale Paysanne recherche pour entr\u00e9e imm\u00e9diate un COLLABORATEUR POUR LE SECR\u00c9TARIAT G\u00c9N\u00c9RAL (m\/f) \u00e0 mi-temps (apr\u00e8s-midi) Profil du candidat: \u2022 connaissance des langues luxembourgeoise, allemande et fran\u00e7aise \u2022 bonnes capacit\u00e9s r\u00e9dactionnelles \u2022 ma\u00eetrise des outils informatiques \u2022 sens d\u2019organisation et aisance relationnelle pour le travail en \u00e9quipe \u2022 la connaissance du milieu agricole constitue un avantage Nous offrons: \u2022 une ambiance de travail dynamique \u2022 une r\u00e9mun\u00e9ration int\u00e9ressante en rapport avec les capacit\u00e9s \u2022 autres avantages Les int\u00e9ress\u00e9s sont pri\u00e9s d\u2019adresser leur LETTRE DE [&hellip;]<\/p>\n","protected":false},"author":12,"featured_media":9426,"comment_status":"closed","ping_status":"open","sticky":false,"template":"","format":"standard","meta":{"ngg_post_thumbnail":0,"_jetpack_memberships_contains_paid_content":false,"footnotes":""},"categories":[3],"tags":[],"class_list":["post-9425","post","type-post","status-publish","format-standard","has-post-thumbnail","hentry","category-centrale-paysanne"],"jetpack_featured_media_url":"https:\/\/centralepaysanne.lu\/WordPress3\/wp-content\/uploads\/2025\/07\/8592647-scaled.jpg","jetpack_sharing_enabled":true,"jetpack_shortlink":"https:\/\/wp.me\/p2ls4K-2s1","jetpack_likes_enabled":false,"publishpress_future_action":{"enabled":false,"date":"2026-05-08 11:00:24","action":"category-add","newStatus":"draft","terms":[],"taxonomy":"category","extraData":[]},"publishpress_future_workflow_manual_trigger":{"enabledWorkflows":[]},"_links":{"self":[{"href":"https:\/\/centralepaysanne.lu\/WordPress3\/index.php?rest_route=\/wp\/v2\/posts\/9425","targetHints":{"allow":["GET"]}}],"collection":[{"href":"https:\/\/centralepaysanne.lu\/WordPress3\/index.php?rest_route=\/wp\/v2\/posts"}],"about":[{"href":"https:\/\/centralepaysanne.lu\/WordPress3\/index.php?rest_route=\/wp\/v2\/types\/post"}],"author":[{"embeddable":true,"href":"https:\/\/centralepaysanne.lu\/WordPress3\/index.php?rest_route=\/wp\/v2\/users\/12"}],"replies":[{"embeddable":true,"href":"https:\/\/centralepaysanne.lu\/WordPress3\/index.php?rest_route=%2Fwp%2Fv2%2Fcomments&post=9425"}],"version-history":[{"count":1,"href":"https:\/\/centralepaysanne.lu\/WordPress3\/index.php?rest_route=\/wp\/v2\/posts\/9425\/revisions"}],"predecessor-version":[{"id":9427,"href":"https:\/\/centralepaysanne.lu\/WordPress3\/index.php?rest_route=\/wp\/v2\/posts\/9425\/revisions\/9427"}],"wp:featuredmedia":[{"embeddable":true,"href":"https:\/\/centralepaysanne.lu\/WordPress3\/index.php?rest_route=\/wp\/v2\/media\/9426"}],"wp:attachment":[{"href":"https:\/\/centralepaysanne.lu\/WordPress3\/index.php?rest_route=%2Fwp%2Fv2%2Fmedia&parent=9425"}],"wp:term":[{"taxonomy":"category","embeddable":true,"href":"https:\/\/centralepaysanne.lu\/WordPress3\/index.php?rest_route=%2Fwp%2Fv2%2Fcategories&post=9425"},{"taxonomy":"post_tag","embeddable":true,"href":"https:\/\/centralepaysanne.lu\/WordPress3\/index.php?rest_route=%2Fwp%2Fv2%2Ftags&post=9425"}],"curies":[{"name":"wp","href":"https:\/\/api.w.org\/{rel}","templated":true}]}}