{"id":9421,"date":"2025-07-18T13:57:25","date_gmt":"2025-07-18T11:57:25","guid":{"rendered":"https:\/\/centralepaysanne.lu\/WordPress3\/?p=9421"},"modified":"2025-07-18T13:57:25","modified_gmt":"2025-07-18T11:57:25","slug":"communique-zum-geplanten-eu-budget","status":"publish","type":"post","link":"https:\/\/centralepaysanne.lu\/WordPress3\/?p=9421","title":{"rendered":"COMMUNIQU\u00c9 ZUM GEPLANTEN EU-BUDGET"},"content":{"rendered":"\n<p>Von den europ\u00e4ischen Landwirtschaftsverb\u00e4nden, vereint im Dachverband Copa-Cogeca, wird der 16. Juli 2025 als \u201eSchwarzer Mittwoch f\u00fcr die Europ\u00e4ische Landwirtschaft\u201c bezeichnet. Die Centrale Paysanne kann angesichts des vorlegten Mehrj\u00e4hrigen Finanzrahmens (MFR) der EU-Kommission f\u00fcr die Jahre 2028-2034 dieser Darstellung nur zustimmen.<\/p>\n\n\n\n<p>Die Centrale Paysanne verurteilt entschieden, dass die EU-Kommission erneut die Gelegenheit verstreichen l\u00e4sst, den B\u00e4uerinnen und Bauern in Europa eine klare Richtung und eine verl\u00e4ssliche Zukunftsperspektive zu bieten. Statt Verantwortung zu \u00fcbernehmen, zieht sich Br\u00fcssel unter dem Deckmantel eines sogenannten \u201eEinheitsfonds\u201c und durch eine vollst\u00e4ndige Renationalisierung \u2013 besch\u00f6nigt als angebliche Verwaltungsvereinfachung \u2013 aus der gemeinsamen Verantwortung f\u00fcr Landwirtschaft und l\u00e4ndliche R\u00e4ume zur\u00fcck.<\/p>\n\n\n\n<p>Damit wird nicht weniger als das Ende einer solidarischen und starken Gemeinsamen Agrarpolitik (GAP) eingel\u00e4utet \u2013 einer Politik, die bisher f\u00fcr faire Rahmenbedingungen und Versorgungssicherheit in ganz Europa stand. Durch die Renationalisierung geht der \u201egemeinsame\u201c Charakter der Gemeinsamen Agrarpolitik g\u00e4nzlich verloren. Was die Gesellschaft braucht, ist eine Landwirtschaft, die nachhaltig wirtschaften, leistungsf\u00e4hig arbeiten und krisenfest bleiben kann. Doch daf\u00fcr braucht es klare politische R\u00fcckendeckung mit verl\u00e4sslichen Rahmenbedingungen und einem garantierten Budget \u2013 nicht leere Versprechen und gestrichene Mittel!<\/p>\n\n\n\n<p>Die geplante K\u00fcrzung des GAP-Budgets ist ein Schlag ins Gesicht all jener, die t\u00e4glich unter teils schwersten Bedingungen f\u00fcr unsere Ern\u00e4hrungssicherheit sorgen. Ein Bruch mit der bew\u00e4hrten Zwei-S\u00e4ulen-Struktur bedeutet keinen Fortschritt, sondern eine neoliberale Kahlschlagpolitik auf dem R\u00fccken der europ\u00e4ischen Landwirtinnen und Landwirte. Die Centrale Paysanne sagt klar: Wer Landwirtschaft will, muss sie auch finanzieren \u2013 und zwar gerecht, verl\u00e4sslich und solidarisch! Doch ein solches Bekenntnis sucht man in den vagen formulierten Vorschl\u00e4gen zum geplanten Budget vergeblich.<\/p>\n\n\n\n<p>Das gemeinsame Budget muss noch vom Europaparlament und den Mitgliedsstaaten angenommen werden. Die Centrale Paysanne fordert deshalb die nationale Politik \u2013 Premierminister Luc Frieden, Finanzminister Gilles Roth und Landwirtschaftsministerin Martine Hansen \u2013 auf, bei ihrer angek\u00fcndigten Linie zu bleiben und sich entschieden gegen eine Schw\u00e4chung der Gemeinsamen Agrarpolitik und des Agrarbudgets zu stellen.<\/p>\n\n\n\n<p>#MirLieweLandwirtschaft<\/p>\n\n\n\n<figure class=\"wp-block-image size-large\"><img loading=\"lazy\" decoding=\"async\" width=\"1024\" height=\"395\" src=\"https:\/\/centralepaysanne.lu\/WordPress3\/wp-content\/uploads\/2025\/07\/Kopf-Pressemitteilung-1024x395.jpg\" alt=\"\" class=\"wp-image-9422\" srcset=\"https:\/\/centralepaysanne.lu\/WordPress3\/wp-content\/uploads\/2025\/07\/Kopf-Pressemitteilung-1024x395.jpg 1024w, https:\/\/centralepaysanne.lu\/WordPress3\/wp-content\/uploads\/2025\/07\/Kopf-Pressemitteilung-300x116.jpg 300w, https:\/\/centralepaysanne.lu\/WordPress3\/wp-content\/uploads\/2025\/07\/Kopf-Pressemitteilung-768x296.jpg 768w, https:\/\/centralepaysanne.lu\/WordPress3\/wp-content\/uploads\/2025\/07\/Kopf-Pressemitteilung-640x247.jpg 640w, https:\/\/centralepaysanne.lu\/WordPress3\/wp-content\/uploads\/2025\/07\/Kopf-Pressemitteilung.jpg 1278w\" sizes=\"auto, (max-width: 1024px) 100vw, 1024px\" \/><\/figure>\n","protected":false},"excerpt":{"rendered":"<p>Von den europ\u00e4ischen Landwirtschaftsverb\u00e4nden, vereint im Dachverband Copa-Cogeca, wird der 16. Juli 2025 als \u201eSchwarzer Mittwoch f\u00fcr die Europ\u00e4ische Landwirtschaft\u201c bezeichnet. Die Centrale Paysanne kann angesichts des vorlegten Mehrj\u00e4hrigen Finanzrahmens (MFR) der EU-Kommission f\u00fcr die Jahre 2028-2034 dieser Darstellung nur zustimmen. Die Centrale Paysanne verurteilt entschieden, dass die EU-Kommission erneut die Gelegenheit verstreichen l\u00e4sst, den B\u00e4uerinnen und Bauern in Europa eine klare Richtung und eine verl\u00e4ssliche Zukunftsperspektive zu bieten. Statt Verantwortung zu \u00fcbernehmen, zieht sich Br\u00fcssel unter dem Deckmantel eines sogenannten \u201eEinheitsfonds\u201c und durch eine [&hellip;]<\/p>\n","protected":false},"author":12,"featured_media":9422,"comment_status":"closed","ping_status":"open","sticky":false,"template":"","format":"standard","meta":{"ngg_post_thumbnail":0,"_jetpack_memberships_contains_paid_content":false,"footnotes":""},"categories":[3],"tags":[],"class_list":["post-9421","post","type-post","status-publish","format-standard","has-post-thumbnail","hentry","category-centrale-paysanne"],"jetpack_featured_media_url":"https:\/\/centralepaysanne.lu\/WordPress3\/wp-content\/uploads\/2025\/07\/Kopf-Pressemitteilung.jpg","jetpack_sharing_enabled":true,"jetpack_shortlink":"https:\/\/wp.me\/p2ls4K-2rX","jetpack_likes_enabled":false,"publishpress_future_action":{"enabled":false,"date":"2026-05-08 12:04:53","action":"category-add","newStatus":"draft","terms":[],"taxonomy":"category","extraData":[]},"publishpress_future_workflow_manual_trigger":{"enabledWorkflows":[]},"_links":{"self":[{"href":"https:\/\/centralepaysanne.lu\/WordPress3\/index.php?rest_route=\/wp\/v2\/posts\/9421","targetHints":{"allow":["GET"]}}],"collection":[{"href":"https:\/\/centralepaysanne.lu\/WordPress3\/index.php?rest_route=\/wp\/v2\/posts"}],"about":[{"href":"https:\/\/centralepaysanne.lu\/WordPress3\/index.php?rest_route=\/wp\/v2\/types\/post"}],"author":[{"embeddable":true,"href":"https:\/\/centralepaysanne.lu\/WordPress3\/index.php?rest_route=\/wp\/v2\/users\/12"}],"replies":[{"embeddable":true,"href":"https:\/\/centralepaysanne.lu\/WordPress3\/index.php?rest_route=%2Fwp%2Fv2%2Fcomments&post=9421"}],"version-history":[{"count":1,"href":"https:\/\/centralepaysanne.lu\/WordPress3\/index.php?rest_route=\/wp\/v2\/posts\/9421\/revisions"}],"predecessor-version":[{"id":9423,"href":"https:\/\/centralepaysanne.lu\/WordPress3\/index.php?rest_route=\/wp\/v2\/posts\/9421\/revisions\/9423"}],"wp:featuredmedia":[{"embeddable":true,"href":"https:\/\/centralepaysanne.lu\/WordPress3\/index.php?rest_route=\/wp\/v2\/media\/9422"}],"wp:attachment":[{"href":"https:\/\/centralepaysanne.lu\/WordPress3\/index.php?rest_route=%2Fwp%2Fv2%2Fmedia&parent=9421"}],"wp:term":[{"taxonomy":"category","embeddable":true,"href":"https:\/\/centralepaysanne.lu\/WordPress3\/index.php?rest_route=%2Fwp%2Fv2%2Fcategories&post=9421"},{"taxonomy":"post_tag","embeddable":true,"href":"https:\/\/centralepaysanne.lu\/WordPress3\/index.php?rest_route=%2Fwp%2Fv2%2Ftags&post=9421"}],"curies":[{"name":"wp","href":"https:\/\/api.w.org\/{rel}","templated":true}]}}