{"id":8991,"date":"2024-11-21T15:40:34","date_gmt":"2024-11-21T14:40:34","guid":{"rendered":"https:\/\/centralepaysanne.lu\/WordPress3\/?p=8991"},"modified":"2024-11-21T15:40:34","modified_gmt":"2024-11-21T14:40:34","slug":"verunsicherung-bei-luxemburger-landwirten-ueber-praemienberechtigung-in-belgien","status":"publish","type":"post","link":"https:\/\/centralepaysanne.lu\/WordPress3\/?p=8991","title":{"rendered":"VERUNSICHERUNG BEI LUXEMBURGER LANDWIRTEN \u00dcBER PR\u00c4MIENBERECHTIGUNG IN BELGIEN"},"content":{"rendered":"\n<p>Auf Nachfragen der Centrale Paysanne best\u00e4tigt die belgische Dienststelle f\u00fcr Pr\u00e4mienauszahlungen, dass luxemburgische Landwirte, welche Pr\u00e4mien in Belgien beantragen, als aktiver Landwirt angesehen werden, sobald sie die Best\u00e4tigung erhalten, dass ihre luxemburgische Bescheinigung in Belgien angekommen sei!Ausl\u00f6ser f\u00fcr Verwirrung waren in letzter Zeit zwei Mitteilungen der genannten Dienststelle. Die erste Mitteilung informierte, dass luxemburgische Landwirte als \u201enicht aktiver Landwirt\u201c gelten und fragte daher nach einer luxemburgischen Bescheinigung. Eine zweite Mitteilung informierte \u00fcber Vorauszahlungen, die get\u00e4tigt wurden, wobei f\u00fcr die Betroffenen ein Betrag von 0 Euro zu lesen war und der Status \u201enicht aktiv\u201c.Zu diesem Zeitpunkt waren bereits viele Bescheinigungen abgeschickt, jedoch lief die Prozedur zur Anerkennung noch nicht, sodass es nur eine Frage der Zeit ist, bis der Status auf \u201eaktiv\u201c umgestellt wird.Detailliertere Informationen gibt es auf Seite 4 des \u201eDe Letzeburger Bauer\u201c Nummer 47 von Freitag, dem 21. November, zu lesen.<\/p>\n\n\n\n<figure class=\"wp-block-image size-large\"><img loading=\"lazy\" decoding=\"async\" width=\"1024\" height=\"682\" src=\"https:\/\/centralepaysanne.lu\/WordPress3\/wp-content\/uploads\/2024\/11\/flag-1192656_1280-1024x682.jpg\" alt=\"\" class=\"wp-image-8992\" srcset=\"https:\/\/centralepaysanne.lu\/WordPress3\/wp-content\/uploads\/2024\/11\/flag-1192656_1280-1024x682.jpg 1024w, https:\/\/centralepaysanne.lu\/WordPress3\/wp-content\/uploads\/2024\/11\/flag-1192656_1280-300x200.jpg 300w, https:\/\/centralepaysanne.lu\/WordPress3\/wp-content\/uploads\/2024\/11\/flag-1192656_1280-768x512.jpg 768w, https:\/\/centralepaysanne.lu\/WordPress3\/wp-content\/uploads\/2024\/11\/flag-1192656_1280-640x427.jpg 640w, https:\/\/centralepaysanne.lu\/WordPress3\/wp-content\/uploads\/2024\/11\/flag-1192656_1280.jpg 1280w\" sizes=\"auto, (max-width: 1024px) 100vw, 1024px\" \/><\/figure>\n","protected":false},"excerpt":{"rendered":"<p>Auf Nachfragen der Centrale Paysanne best\u00e4tigt die belgische Dienststelle f\u00fcr Pr\u00e4mienauszahlungen, dass luxemburgische Landwirte, welche Pr\u00e4mien in Belgien beantragen, als aktiver Landwirt angesehen werden, sobald sie die Best\u00e4tigung erhalten, dass ihre luxemburgische Bescheinigung in Belgien angekommen sei!Ausl\u00f6ser f\u00fcr Verwirrung waren in letzter Zeit zwei Mitteilungen der genannten Dienststelle. Die erste Mitteilung informierte, dass luxemburgische Landwirte als \u201enicht aktiver Landwirt\u201c gelten und fragte daher nach einer luxemburgischen Bescheinigung. Eine zweite Mitteilung informierte \u00fcber Vorauszahlungen, die get\u00e4tigt wurden, wobei f\u00fcr die Betroffenen ein Betrag von 0 Euro [&hellip;]<\/p>\n","protected":false},"author":12,"featured_media":8992,"comment_status":"closed","ping_status":"open","sticky":false,"template":"","format":"standard","meta":{"ngg_post_thumbnail":0,"_jetpack_memberships_contains_paid_content":false,"footnotes":""},"categories":[3],"tags":[],"class_list":["post-8991","post","type-post","status-publish","format-standard","has-post-thumbnail","hentry","category-centrale-paysanne"],"jetpack_featured_media_url":"https:\/\/centralepaysanne.lu\/WordPress3\/wp-content\/uploads\/2024\/11\/flag-1192656_1280.jpg","jetpack_sharing_enabled":true,"jetpack_shortlink":"https:\/\/wp.me\/p2ls4K-2l1","jetpack_likes_enabled":false,"publishpress_future_action":{"enabled":false,"date":"2026-05-07 08:07:17","action":"category-add","newStatus":"draft","terms":[],"taxonomy":"category","extraData":[]},"publishpress_future_workflow_manual_trigger":{"enabledWorkflows":[]},"_links":{"self":[{"href":"https:\/\/centralepaysanne.lu\/WordPress3\/index.php?rest_route=\/wp\/v2\/posts\/8991","targetHints":{"allow":["GET"]}}],"collection":[{"href":"https:\/\/centralepaysanne.lu\/WordPress3\/index.php?rest_route=\/wp\/v2\/posts"}],"about":[{"href":"https:\/\/centralepaysanne.lu\/WordPress3\/index.php?rest_route=\/wp\/v2\/types\/post"}],"author":[{"embeddable":true,"href":"https:\/\/centralepaysanne.lu\/WordPress3\/index.php?rest_route=\/wp\/v2\/users\/12"}],"replies":[{"embeddable":true,"href":"https:\/\/centralepaysanne.lu\/WordPress3\/index.php?rest_route=%2Fwp%2Fv2%2Fcomments&post=8991"}],"version-history":[{"count":1,"href":"https:\/\/centralepaysanne.lu\/WordPress3\/index.php?rest_route=\/wp\/v2\/posts\/8991\/revisions"}],"predecessor-version":[{"id":8993,"href":"https:\/\/centralepaysanne.lu\/WordPress3\/index.php?rest_route=\/wp\/v2\/posts\/8991\/revisions\/8993"}],"wp:featuredmedia":[{"embeddable":true,"href":"https:\/\/centralepaysanne.lu\/WordPress3\/index.php?rest_route=\/wp\/v2\/media\/8992"}],"wp:attachment":[{"href":"https:\/\/centralepaysanne.lu\/WordPress3\/index.php?rest_route=%2Fwp%2Fv2%2Fmedia&parent=8991"}],"wp:term":[{"taxonomy":"category","embeddable":true,"href":"https:\/\/centralepaysanne.lu\/WordPress3\/index.php?rest_route=%2Fwp%2Fv2%2Fcategories&post=8991"},{"taxonomy":"post_tag","embeddable":true,"href":"https:\/\/centralepaysanne.lu\/WordPress3\/index.php?rest_route=%2Fwp%2Fv2%2Ftags&post=8991"}],"curies":[{"name":"wp","href":"https:\/\/api.w.org\/{rel}","templated":true}]}}