{"id":8011,"date":"2023-10-19T13:20:23","date_gmt":"2023-10-19T11:20:23","guid":{"rendered":"https:\/\/centralepaysanne.lu\/WordPress3\/?p=8011"},"modified":"2023-10-19T13:20:23","modified_gmt":"2023-10-19T11:20:23","slug":"dcentrale-paysanne-brengt-hier-fuerderungen-vir","status":"publish","type":"post","link":"https:\/\/centralepaysanne.lu\/WordPress3\/?p=8011","title":{"rendered":"D&#8217;CENTRALE PAYSANNE BR\u00c9NGT HIER FUERDERUNGEN VIR"},"content":{"rendered":"\n<p>Schon am Virfeld vun den Nationalwalen hat d&#8217;Bauerenzentral 12 Fuerderungen un d\u00e9i politesch Parteien adress\u00e9iert. No de Wale war et d\u00e9i logesch Konsequenz, dass een zu engem Gespr\u00e9ich mat deenen zwou Parteie geruff ginn ass, d\u00e9i d\u00e9i n\u00e4chst Regierung stelle w\u00e4erten. En Donneschdeg hunn den Eric Pesch, Marc Fisch, Christian Wester a Guy Feyder sech mam Aarbechtsgrupp \u201eLandwirtschaft\u201c vun CSV an DP getraff.<\/p>\n\n\n\n<p><a href=\"https:\/\/www.facebook.com\/hashtag\/mirliewelandwirtschaft?__eep__=6&amp;__cft__[0]=AZXQxQvpYnZOitMvltnCrB0Ia8xQcN1z-C9eQP5zyO_JbeQ8BwPjZg9Hp1KRWOLpVmdstHr1io5X5PqpCT3v9H4230oWvEx-sD3D4X2YqKys_HXzhq5Wa85kzAa5cyCK--I&amp;__tn__=*NK-R\">#MirLieweLandwirtschaft<\/a><\/p>\n\n\n\n<figure class=\"wp-block-image size-large\"><img loading=\"lazy\" decoding=\"async\" width=\"1024\" height=\"787\" src=\"https:\/\/centralepaysanne.lu\/WordPress3\/wp-content\/uploads\/2023\/10\/Koalitionsverhandlungen-zu-geschnitten-1024x787.jpg\" alt=\"\" class=\"wp-image-8012\" srcset=\"https:\/\/centralepaysanne.lu\/WordPress3\/wp-content\/uploads\/2023\/10\/Koalitionsverhandlungen-zu-geschnitten-1024x787.jpg 1024w, https:\/\/centralepaysanne.lu\/WordPress3\/wp-content\/uploads\/2023\/10\/Koalitionsverhandlungen-zu-geschnitten-300x231.jpg 300w, https:\/\/centralepaysanne.lu\/WordPress3\/wp-content\/uploads\/2023\/10\/Koalitionsverhandlungen-zu-geschnitten-768x590.jpg 768w, https:\/\/centralepaysanne.lu\/WordPress3\/wp-content\/uploads\/2023\/10\/Koalitionsverhandlungen-zu-geschnitten-1536x1180.jpg 1536w, https:\/\/centralepaysanne.lu\/WordPress3\/wp-content\/uploads\/2023\/10\/Koalitionsverhandlungen-zu-geschnitten-2048x1574.jpg 2048w, https:\/\/centralepaysanne.lu\/WordPress3\/wp-content\/uploads\/2023\/10\/Koalitionsverhandlungen-zu-geschnitten-80x60.jpg 80w, https:\/\/centralepaysanne.lu\/WordPress3\/wp-content\/uploads\/2023\/10\/Koalitionsverhandlungen-zu-geschnitten-625x480.jpg 625w\" sizes=\"auto, (max-width: 1024px) 100vw, 1024px\" \/><\/figure>\n","protected":false},"excerpt":{"rendered":"<p>Schon am Virfeld vun den Nationalwalen hat d&#8217;Bauerenzentral 12 Fuerderungen un d\u00e9i politesch Parteien adress\u00e9iert. No de Wale war et d\u00e9i logesch Konsequenz, dass een zu engem Gespr\u00e9ich mat deenen zwou Parteie geruff ginn ass, d\u00e9i d\u00e9i n\u00e4chst Regierung stelle w\u00e4erten. En Donneschdeg hunn den Eric Pesch, Marc Fisch, Christian Wester a Guy Feyder sech mam Aarbechtsgrupp \u201eLandwirtschaft\u201c vun CSV an DP getraff. #MirLieweLandwirtschaft<\/p>\n","protected":false},"author":12,"featured_media":8012,"comment_status":"closed","ping_status":"open","sticky":false,"template":"","format":"standard","meta":{"ngg_post_thumbnail":0,"_jetpack_memberships_contains_paid_content":false,"footnotes":""},"categories":[3],"tags":[],"class_list":["post-8011","post","type-post","status-publish","format-standard","has-post-thumbnail","hentry","category-centrale-paysanne"],"jetpack_featured_media_url":"https:\/\/centralepaysanne.lu\/WordPress3\/wp-content\/uploads\/2023\/10\/Koalitionsverhandlungen-zu-geschnitten.jpg","jetpack_sharing_enabled":true,"jetpack_shortlink":"https:\/\/wp.me\/p2ls4K-25d","jetpack_likes_enabled":false,"publishpress_future_action":{"enabled":false,"date":"2026-05-02 10:06:37","action":"category-add","newStatus":"draft","terms":[],"taxonomy":"category","extraData":[]},"publishpress_future_workflow_manual_trigger":{"enabledWorkflows":[]},"_links":{"self":[{"href":"https:\/\/centralepaysanne.lu\/WordPress3\/index.php?rest_route=\/wp\/v2\/posts\/8011","targetHints":{"allow":["GET"]}}],"collection":[{"href":"https:\/\/centralepaysanne.lu\/WordPress3\/index.php?rest_route=\/wp\/v2\/posts"}],"about":[{"href":"https:\/\/centralepaysanne.lu\/WordPress3\/index.php?rest_route=\/wp\/v2\/types\/post"}],"author":[{"embeddable":true,"href":"https:\/\/centralepaysanne.lu\/WordPress3\/index.php?rest_route=\/wp\/v2\/users\/12"}],"replies":[{"embeddable":true,"href":"https:\/\/centralepaysanne.lu\/WordPress3\/index.php?rest_route=%2Fwp%2Fv2%2Fcomments&post=8011"}],"version-history":[{"count":1,"href":"https:\/\/centralepaysanne.lu\/WordPress3\/index.php?rest_route=\/wp\/v2\/posts\/8011\/revisions"}],"predecessor-version":[{"id":8013,"href":"https:\/\/centralepaysanne.lu\/WordPress3\/index.php?rest_route=\/wp\/v2\/posts\/8011\/revisions\/8013"}],"wp:featuredmedia":[{"embeddable":true,"href":"https:\/\/centralepaysanne.lu\/WordPress3\/index.php?rest_route=\/wp\/v2\/media\/8012"}],"wp:attachment":[{"href":"https:\/\/centralepaysanne.lu\/WordPress3\/index.php?rest_route=%2Fwp%2Fv2%2Fmedia&parent=8011"}],"wp:term":[{"taxonomy":"category","embeddable":true,"href":"https:\/\/centralepaysanne.lu\/WordPress3\/index.php?rest_route=%2Fwp%2Fv2%2Fcategories&post=8011"},{"taxonomy":"post_tag","embeddable":true,"href":"https:\/\/centralepaysanne.lu\/WordPress3\/index.php?rest_route=%2Fwp%2Fv2%2Ftags&post=8011"}],"curies":[{"name":"wp","href":"https:\/\/api.w.org\/{rel}","templated":true}]}}