{"id":1107,"date":"2012-04-13T13:49:25","date_gmt":"2012-04-13T11:49:25","guid":{"rendered":"http:\/\/cepal.lu\/WordPress3\/?p=1107"},"modified":"2013-09-02T10:51:13","modified_gmt":"2013-09-02T08:51:13","slug":"vereinigte-hagel-ruft-zur-grundung-eines-regionalvereins-in-luxemburg-auf","status":"publish","type":"post","link":"https:\/\/centralepaysanne.lu\/WordPress3\/?p=1107","title":{"rendered":"Vereinigte Hagel ruft zur Gr\u00fcndung eines Regionalvereins in Luxemburg auf"},"content":{"rendered":"<p style=\"text-align: center;\"><em>\u00c4lteste Auslandsniederlassung ist bislang nicht genossenschaftlich organisiert<\/em><\/p>\n<p style=\"text-align: justify;\">(hl).- Auf Einladung der Vereinigten Hagel Luxemburg fand am 28. M\u00e4rz im Agrocenter in Mersch eine Informationsversammlung statt. Anla\u00df war das Ansinnen der Vereinigten Hagel Luxemburg, die Kunden zur Gr\u00fcndung eines Regionalvereins zu bewegen. Die Vereinigte Hagel ist n\u00e4mlich als Versicherungsverein auf Gegenseitigkeit im Stammland Deutschland und inzwischen auch in Litauen genossenschaftlich organisiert und die Mitglieder k\u00f6nnen \u00fcber einen Delegierten aus ihren Reihen somit Einflu\u00df nehmen auf die Politik der Versicherung. Zurzeit gibt es rund 80.000 Mitglieder, die in 63 Regionalvereinen organisiert sind und \u00fcber einen regionalen Delegierten jeweils eine Stimme in der Hauptversammlung der Versicherungsgruppe haben. Da in den Satzungen eine Obergrenze von 10% der Versicherungssumme f\u00fcr Nichtmitglieder festgeschrieben ist und die Vereinigte Hagel ihre Auslandsaktivit\u00e4ten weiter ausbaut, ist man seitens der Vereinigten Hagel bestrebt, auch bei allen ausl\u00e4ndischen T\u00f6chtern (neben Luxemburg betrifft dies Polen, Italien, D\u00e4nemark und die Niederlande) Regionalvereine zu etablieren. Der Vorstandsvorsitzende der Vereinigten Hagel, Dr. Rainer Langner, war eigens nach Mersch gekommen, um f\u00fcr dieses Ziel zu werben. Auf einen Mitgliedsbeitrag soll verzichtet werden.<\/p>\n<h3 style=\"text-align: center;\">Seit 13 Jahren in Luxemburg aktiver Spezialversicherer<\/h3>\n<p style=\"text-align: justify;\">Zun\u00e4chst erl\u00e4uterte der <em>Mandataire G\u00e9n\u00e9rale<\/em> f\u00fcr die Vereinigte Hagel Luxemburg, Toni Esch, die Entwicklung im Gro\u00dfherzogtum. 1999 wurde in Kooperation mit \u201eLe Foyer\u201c die Gesellschaft Vereinigte Hagel \u2013 Succursale Luxembourg gegr\u00fcndet und die Weinfrostversicherung eingef\u00fchrt. Bereits im Folgejahr erlebte man das bislang schlimmste Schadereignis f\u00fcr die damals noch neue Versicherung, und zwar am 2.7.2000 mit gro\u00dffl\u00e4chigen Hagelsch\u00e4den entlang der Luxemburger Mosel. 2001 wurde dann eine Kooperation mit La Luxembourgeoise besiegelt. Drei Jahre sp\u00e4ter folgte die Einf\u00fchrung der Mehrgefahrenversicherung durch die Vereinigte Hagel Luxemburg. Bereits ein Jahr danach wurden die Bedingungen f\u00fcr dieses Versicherungsangebot etwas \u00fcberarbeitet. Letztes Jahr wurde dann vor dem Hintergrund der Harmonisierung der Produkte in Europa das flexiblere Angebot Secufarm eingef\u00fchrt mit neuen Produkten und Bedingungen. Winterstaun\u00e4sse wurde als Schadereignis g\u00e4nzlich herausgenommen. Gleichzeitig wurde die Hagelversicherung in die Mehrgefahrenversicherung integriert. Dieses neue Angebot erlaubte eine verbesserte Anpassung an die Schadenssituation.<\/p>\n<p style=\"text-align: justify;\">Toni Esch zeigte anhand von Graphiken die deutlichen Steigerungen bei Versicherungssumme und Pr\u00e4mienzahlungen. Erstere stieg von anfangs 43 Mio. Euro auf rund 90 Mio. Euro, w\u00e4hrend die Pr\u00e4mien von rund einer Mio. Euro auf ca. zwei Millionen Euro stiegen.<\/p>\n<h3 style=\"text-align: center;\">Gruppe Vereinigte Hagel mit 150j\u00e4hriger Tradition<\/h3>\n<p style=\"text-align: justify;\">Im folgenden erl\u00e4uterte Dr. Rainer Langner den Aufbau der Versicherungsgruppe, die sich traditionell \u2013 die Urspr\u00fcnge reichen bis ins 19. Jahrhundert zur\u00fcck \u2013 als genossenschaftliche Hagelversicherung dem Gegenseitigkeitsgedanken verschrieben hat. Die in Gie\u00dfen ans\u00e4ssige Gruppe ist im Gartenbau, im Weinbau und in der Landwirtschaft aktiv und verf\u00fcgt \u00fcber rund 1.000 Sachverst\u00e4ndige, die f\u00fcr eine schnelle, unb\u00fcrokratische Schadensabwicklung sorgen. Neben der Zentrale in Gie\u00dfen, wo s\u00e4mtliche Produkte \u00fcber eine Datenbank verwaltet werden, existieren acht Regionalb\u00fcros, wo Schadensdossiers prim\u00e4r bearbeitet werden. Daneben betreibt die Versicherung ein umfangreiches Versuchswesen.<\/p>\n<p style=\"text-align: justify;\">Die Gruppe nimmt in der Summe rund 150 Millionen Euro Pr\u00e4mien ein. Allein in Deutschland sind 4,8 Mio. ha versichert. Auf das Auslandsgesch\u00e4ft entfallen inzwischen 40 Mio. Euro Pr\u00e4mien. Das Doppelte dessen, was innerhalb der Gruppe als Pr\u00e4mien eingezahlt wird, steht aufgrund der obligatorischen R\u00fcckversicherung zur Verf\u00fcgung, um Sch\u00e4den auszubezahlen. Dr. Langner stellte heraus, da\u00df die inzwischen breite r\u00e4umliche Streuung von D\u00e4nemark bis Italien f\u00fcr eine Risikostreuung bei den Schadereignissen sorgt, so da\u00df das Gegenseitigkeitsprinzip noch besser in die Praxis umgesetzt werden kann. Als aktuelles Schadereignis nannte er die gro\u00dffl\u00e4chige Auswinterung von Wintergetreide in Polen mit einem Ausfall von insgesamt 25% der Best\u00e4nde. Kernprodukt bleibt die Hagelversicherung, aber die Nachfrage nach einem umfassenderen Risikomanagement in Acker-, Wein- und Gartenbau nimmt zu, dies nicht zuletzt durch die Folgen des Klimawandels.<\/p>\n<p style=\"text-align: justify;\">Dr. Langner hob hervor, da\u00df es sich bei der Vereinigten Hagel um ein nicht profitorientiertes Unternehmen handelt. Die Mitglieder seien gleichzeitig Eigent\u00fcmer. Der Vorstandsvorsitzende der Vereinigten Hagel stellte klar, da\u00df mit einem Verwaltungskostenanteil von 14,5% eine \u201eschlanke Struktur\u201c vorliege und man aufgrund der Spezialisierung die Know-how-F\u00fchrerschaft innehabe. Dann gab er Erl\u00e4uterungen zu den beschlu\u00dff\u00e4higen Organen: Neben Vorstand und Aufsichtsrat sind dies die allj\u00e4hrlich stattfindende Hauptversammlung sowie die Mitgliederversammlungen auf regionaler Ebene.<\/p>\n<h3 style=\"text-align: center;\">Schadensdossiers werden in Alzey eingereicht<\/h3>\n<p style=\"text-align: justify;\">Abschlie\u00dfend gab Dr. Hurtmanns von der Bezirksdirektion Alzey Informationen zur Verwaltungsstruktur in den Regionen. Die Bezirksdirektion Alzey mit ihren acht Au\u00dfendienstmitarbeitern ist f\u00fcr die Abwicklung von Schadensdossiers aus Rheinland-Pfalz, dem Saarland, dem s\u00fcdlichen Hessen und Luxemburg zust\u00e4ndig. Die Zust\u00e4ndigkeit f\u00fcr Luxemburg ergab sich aufgrund der r\u00e4umlichen N\u00e4he zum benachbarten Rheinland-Pfalz. Derzeit werden rund 7.000 Betriebe von hier aus betreut. Mit einem Verwaltungssatz von 10,5% f\u00e4hrt die Bezirksdirektion Alzey in puncto Kosten nochmals g\u00fcnstiger als die gesamte Gruppe. 120 ausgebildete Experten stehen zur Verf\u00fcgung, um die j\u00e4hrlich 1.000-3.000 Schadensmeldungen zu bearbeiten. Bislang gibt es f\u00fcnf Regionalvereine im Zust\u00e4ndigkeitsbereich der Bezirksdirektion Alzey.<\/p>\n","protected":false},"excerpt":{"rendered":"<p>\u00c4lteste Auslandsniederlassung ist bislang nicht genossenschaftlich organisiert (hl).- Auf Einladung der Vereinigten Hagel Luxemburg fand am 28. M\u00e4rz im Agrocenter in Mersch eine Informationsversammlung statt. Anla\u00df war das Ansinnen der Vereinigten Hagel Luxemburg, die Kunden zur Gr\u00fcndung eines Regionalvereins zu bewegen. Die Vereinigte Hagel ist n\u00e4mlich als Versicherungsverein auf Gegenseitigkeit im Stammland Deutschland und inzwischen auch in Litauen genossenschaftlich organisiert und die Mitglieder k\u00f6nnen \u00fcber einen Delegierten aus ihren Reihen somit Einflu\u00df nehmen auf die Politik der Versicherung. Zurzeit gibt es rund 80.000 Mitglieder, die [&hellip;]<\/p>\n","protected":false},"author":12,"featured_media":0,"comment_status":"closed","ping_status":"open","sticky":false,"template":"","format":"standard","meta":{"ngg_post_thumbnail":0,"_jetpack_memberships_contains_paid_content":false,"footnotes":""},"categories":[1],"tags":[151,152],"class_list":["post-1107","post","type-post","status-publish","format-standard","hentry","category-uncategorized","tag-mehrgefahrenversicherung","tag-vereinigte-hagel"],"jetpack_featured_media_url":"","jetpack_sharing_enabled":true,"jetpack_shortlink":"https:\/\/wp.me\/p2ls4K-hR","jetpack_likes_enabled":false,"publishpress_future_action":{"enabled":false,"date":"2026-05-08 13:06:21","action":"category-add","newStatus":"draft","terms":[],"taxonomy":"category","extraData":[]},"publishpress_future_workflow_manual_trigger":{"enabledWorkflows":[]},"_links":{"self":[{"href":"https:\/\/centralepaysanne.lu\/WordPress3\/index.php?rest_route=\/wp\/v2\/posts\/1107","targetHints":{"allow":["GET"]}}],"collection":[{"href":"https:\/\/centralepaysanne.lu\/WordPress3\/index.php?rest_route=\/wp\/v2\/posts"}],"about":[{"href":"https:\/\/centralepaysanne.lu\/WordPress3\/index.php?rest_route=\/wp\/v2\/types\/post"}],"author":[{"embeddable":true,"href":"https:\/\/centralepaysanne.lu\/WordPress3\/index.php?rest_route=\/wp\/v2\/users\/12"}],"replies":[{"embeddable":true,"href":"https:\/\/centralepaysanne.lu\/WordPress3\/index.php?rest_route=%2Fwp%2Fv2%2Fcomments&post=1107"}],"version-history":[{"count":4,"href":"https:\/\/centralepaysanne.lu\/WordPress3\/index.php?rest_route=\/wp\/v2\/posts\/1107\/revisions"}],"predecessor-version":[{"id":2225,"href":"https:\/\/centralepaysanne.lu\/WordPress3\/index.php?rest_route=\/wp\/v2\/posts\/1107\/revisions\/2225"}],"wp:attachment":[{"href":"https:\/\/centralepaysanne.lu\/WordPress3\/index.php?rest_route=%2Fwp%2Fv2%2Fmedia&parent=1107"}],"wp:term":[{"taxonomy":"category","embeddable":true,"href":"https:\/\/centralepaysanne.lu\/WordPress3\/index.php?rest_route=%2Fwp%2Fv2%2Fcategories&post=1107"},{"taxonomy":"post_tag","embeddable":true,"href":"https:\/\/centralepaysanne.lu\/WordPress3\/index.php?rest_route=%2Fwp%2Fv2%2Ftags&post=1107"}],"curies":[{"name":"wp","href":"https:\/\/api.w.org\/{rel}","templated":true}]}}